{"id":147342,"date":"2022-05-09T09:03:04","date_gmt":"2022-05-09T13:03:04","guid":{"rendered":"https:\/\/linitiative.ca\/International\/politique-economique-les-pistes-pour-contenir-linflation-en-zone-cemac\/"},"modified":"2022-05-09T09:03:04","modified_gmt":"2022-05-09T13:03:04","slug":"politique-economique-les-pistes-pour-contenir-linflation-en-zone-cemac","status":"publish","type":"post","link":"https:\/\/linitiative.ca\/International\/politique-economique-les-pistes-pour-contenir-linflation-en-zone-cemac\/","title":{"rendered":"Politique \u00e9conomique\u00a0: les pistes pour contenir l\u2019inflation en zone Cemac"},"content":{"rendered":"<div>\n<p>Les autorit\u00e9s nationales et r\u00e9gionales de la Communaut\u00e9 \u00e9conomique des Etats d\u2019Afrique Centrale ont pris part aux discussions des Assembl\u00e9es annuelles de Printemps de la Banque mondiale et du Fonds Mon\u00e9taire Internationale (FMI). Les rencontres organis\u00e9es du 18 au 24 avril 2022, \u00e0 Washington DC, aux Etats-Unis, ont vu la participation de la Commission Cemac, la Beac entre autres.<\/p>\n<p><strong>Lire aussi : <a href=\"https:\/\/ecomatin.net\/crise-russo-ukrainienne-la-cea-propose-des-mesures-de-resilience-pour-le-continent\/\" target=\"_blank\" rel=\"noreferrer noopener\">Crise russo-ukrainienne\u00a0: la CEA propose des mesures de r\u00e9silience pour le continent<\/a><\/strong><\/p>\n<p>\u00a0Parmi les sujets discut\u00e9s entre les diff\u00e9rentes parties prenantes figurent les tendances inflationnistes li\u00e9es avec la survenue de la crise russo-ukrainienne. Au niveau de la sous-r\u00e9gion, les r\u00e9percussions se font d\u00e9j\u00e0 ressentir sur les \u00e9conomies des six pays que comporte la Cemac. En lien avec cette crise, la Beac annonce un taux d\u2019inflation de 3,6% cette ann\u00e9e. Taux sup\u00e9rieur \u00e0 la norme r\u00e9glementaire communautaire qui est de 3%. Devant les repr\u00e9sentants du FMI lors d\u2019un s\u00e9minaire de haut niveau organis\u00e9 sur la Cemac, ses repr\u00e9sentants pr\u00e9sents ont annonc\u00e9 des mesures visant \u00e0 endiguer les effets inflationnistes d\u00e9j\u00e0 perceptibles aupr\u00e8s des m\u00e9nages. \u00ab Face \u00e0 la mont\u00e9e des pressions inflationnistes, les Autorit\u00e9s nationales et r\u00e9gionales de la Cemac ont relev\u00e9 le d\u00e9fi du juste r\u00e9\u00e9quilibrage difficile entre protection sociale, poursuite de la construction des infrastructures r\u00e9gionales et reconstitution des marges de man\u0153uvre budg\u00e9taire et ext\u00e9rieure. Elles ont en outre affich\u00e9 leur disponibilit\u00e9 \u00e0 poursuivre des discussions avec le FMI sur les mesures visant \u00e0 juguler l\u2019impact de la crise en Ukraine \u00bb, renseignent les services de la Commission Cemac.<\/p>\n<p><strong>Lire aussi : <a href=\"https:\/\/ecomatin.net\/cemac-4-milliards-de-fcfa-pour-la-realisation-n-detudes-s-de-faisabilite-de-7-projets-integrateurs\/\" target=\"_blank\" rel=\"noreferrer noopener\">Cemac\u00a0: 4 milliards de Fcfa pour la r\u00e9alisation d\u2019\u00e9tudes de faisabilit\u00e9 de 7 projets int\u00e9grateurs<\/a><\/strong><\/p>\n<p>En guise de solutions l\u2019on a d\u2019une part le rel\u00e8vement du niveau des transferts mon\u00e9taires vers les pauvres dans le cadre des dispositifs des filets sociaux. Une mesure qui s\u2019adresse aux populations d\u00e9favoris\u00e9es donc le pouvoir d\u2019achat est faible. Si l\u2019on s\u2019en tient au but des filets de protection sociale qui est de prot\u00e9ger les familles des cons\u00e9quences de chocs \u00e9conomiques, de catastrophes naturelles et d\u2019autres crises, l\u2019on pourrait d\u00e9j\u00e0 entrevoir que cette mesure sera bien accueillie par les populations cibles. Au Cameroun par exemple, le programme filet social, financ\u00e9 par la Banque mondiale, a montr\u00e9 ses preuves en plein covid-19. En effet, les populations de ce programme ont re\u00e7u pr\u00e8s de 190 000 Fcfa en guise d\u2019accompagnement financier.<\/p>\n<p><strong>Lire aussi : <a href=\"https:\/\/ecomatin.net\/zlecaf-la-cemac-et-la-ceeac-harmonisent-leurs-politiques-dindustrialisation-et-commerciale\/\" target=\"_blank\" rel=\"noreferrer noopener\">Zlecaf\u00a0: la Cemac et la Ceeac harmonisent leurs politiques d\u2019industrialisation et commerciale<\/a><\/strong><\/p>\n<p>Il convient de noter ici que\u00a0<a href=\"https:\/\/ecomatin.net\/crise-russo-ukrainienne-la-cea-propose-des-mesures-de-resilience-pour-le-continent\/\">cette mesure avait d\u00e9j\u00e0 \u00e9t\u00e9 pr\u00e9conis\u00e9e par la Commission \u00e9conomique des Nations Unies pour l\u2019Afrique (CEA)<\/a>.\u00a0\u00ab Les pays africains con\u00e7oivent des filets de s\u00e9curit\u00e9 sociale cibl\u00e9s pour att\u00e9nuer les effets de la hausse des prix des denr\u00e9es alimentaires et de l\u2019\u00e9nergie sur les plus vuln\u00e9rables, am\u00e9liorer la gouvernance et mettre un terme \u00e0 toute fuite de revenus \u00bb, a r\u00e9agi Mme Morsy, Secr\u00e9taire ex\u00e9cutive adjointe et \u00e9conomiste en chef \u00e0 la CEA, lors d\u2019un webinaire.<\/p>\n<p><strong>Suffisance alimentaire<\/strong><\/p>\n<p>La seconde piste de lutte contre les tensions inflationnistes pr\u00e9sent\u00e9e par la Cemac \u00e0 cette rencontre est \u00ab l\u2019augmentation de l\u2019offre des denr\u00e9es alimentaires \u00bb. Ici l\u2019on pourrait projeter que les pays de la sous-r\u00e9gion renforceraient et encourageraient les politiques tourn\u00e9es vers la production locale. Dans la mesure o\u00f9 l\u2019on sait que la production nationale n\u2019arrive pas \u00e0 couvrir la demande nationale, d\u2019o\u00f9 le recours aux importations pour satisfaire la demande.<\/p>\n<p>L\u2019article <a rel=\"nofollow\" href=\"https:\/\/ecomatin.net\/politique-economique-les-pistes-pour-contenir-linflation-en-zone-cemac\/\">Politique \u00e9conomique\u00a0: les pistes pour contenir l\u2019inflation en zone Cemac<\/a> est apparu en premier sur <a rel=\"nofollow\" href=\"https:\/\/ecomatin.net\/\">EcoMatin<\/a>.<\/p>\n<\/div>\n<p>Auteur: Cindy MBALA<br \/>\n<a href=\"https:\/\/ecomatin.net\/politique-economique-les-pistes-pour-contenir-linflation-en-zone-cemac\/\">Cliquez ici pour lire l&rsquo;article depuis sa source.<\/a><\/p>\n","protected":false},"excerpt":{"rendered":"<p>Les autorit\u00e9s nationales et r\u00e9gionales de la Communaut\u00e9 \u00e9conomique des Etats d\u2019Afrique Centrale ont pris part aux discussions des Assembl\u00e9es annuelles de Printemps de la Banque mondiale et du Fonds Mon\u00e9taire Internationale (FMI). Les rencontres organis\u00e9es du 18 au 24 avril 2022, \u00e0 Washington DC, aux Etats-Unis, ont vu la participation de la Commission Cemac, [&hellip;]<\/p>\n","protected":false},"author":1969,"featured_media":0,"comment_status":"closed","ping_status":"closed","sticky":false,"template":"","format":"standard","meta":{"fifu_image_url":"","fifu_image_alt":"","footnotes":""},"categories":[82,78],"tags":[],"class_list":["post-147342","post","type-post","status-publish","format-standard","hentry","category-cameroun","category-economie"],"_links":{"self":[{"href":"https:\/\/linitiative.ca\/International\/wp-json\/wp\/v2\/posts\/147342","targetHints":{"allow":["GET"]}}],"collection":[{"href":"https:\/\/linitiative.ca\/International\/wp-json\/wp\/v2\/posts"}],"about":[{"href":"https:\/\/linitiative.ca\/International\/wp-json\/wp\/v2\/types\/post"}],"author":[{"embeddable":true,"href":"https:\/\/linitiative.ca\/International\/wp-json\/wp\/v2\/users\/1969"}],"replies":[{"embeddable":true,"href":"https:\/\/linitiative.ca\/International\/wp-json\/wp\/v2\/comments?post=147342"}],"version-history":[{"count":0,"href":"https:\/\/linitiative.ca\/International\/wp-json\/wp\/v2\/posts\/147342\/revisions"}],"wp:attachment":[{"href":"https:\/\/linitiative.ca\/International\/wp-json\/wp\/v2\/media?parent=147342"}],"wp:term":[{"taxonomy":"category","embeddable":true,"href":"https:\/\/linitiative.ca\/International\/wp-json\/wp\/v2\/categories?post=147342"},{"taxonomy":"post_tag","embeddable":true,"href":"https:\/\/linitiative.ca\/International\/wp-json\/wp\/v2\/tags?post=147342"}],"curies":[{"name":"wp","href":"https:\/\/api.w.org\/{rel}","templated":true}]}}