{"id":147343,"date":"2022-05-10T08:15:04","date_gmt":"2022-05-10T12:15:04","guid":{"rendered":"https:\/\/linitiative.ca\/International\/nasser-bourita-recoit-le-ministre-bahreini-des-des-affaires-etrangeres\/"},"modified":"2022-05-10T08:15:04","modified_gmt":"2022-05-10T12:15:04","slug":"nasser-bourita-recoit-le-ministre-bahreini-des-des-affaires-etrangeres","status":"publish","type":"post","link":"https:\/\/linitiative.ca\/International\/nasser-bourita-recoit-le-ministre-bahreini-des-des-affaires-etrangeres\/","title":{"rendered":"Nasser Bourita re\u00e7oit le ministre bahre\u00efni des des Affaires \u00e9trang\u00e8res"},"content":{"rendered":"<div>\n<p><img decoding=\"async\" width=\"300\" height=\"153\" src=\"https:\/\/linitiative.ca\/International\/wp-content\/uploads\/sites\/23\/2022\/05\/bahreini-bourita-300x153-1.png\" class=\"attachment-medium size-medium wp-post-image\" alt=\"\" loading=\"lazy\" srcset=\"https:\/\/linitiative.ca\/International\/wp-content\/uploads\/sites\/23\/2022\/05\/bahreini-bourita-300x153-1.png 300w, https:\/\/aujourdhui.ma\/wp-content\/uploads\/2022\/05\/bahreini-bourita-274x140.png 274w, https:\/\/aujourdhui.ma\/wp-content\/uploads\/2022\/05\/bahreini-bourita.png 746w, https:\/\/aujourdhui.ma\/wp-content\/uploads\/2022\/05\/bahreini-bourita-165x84.png 165w, https:\/\/aujourdhui.ma\/wp-content\/uploads\/2022\/05\/bahreini-bourita-702x358.png 702w\" sizes=\"auto, (max-width: 300px) 100vw, 300px\"><\/p>\n<p><span style=\"color: #800000;\"><strong>Le ministre bahre\u00efni des Affaires \u00e9trang\u00e8res, Abdullatif Bin Rashid Al Zayani, a salu\u00e9 le r\u00f4le pr\u00e9pond\u00e9rant de SM le Roi Mohammed VI, Pr\u00e9sident du comit\u00e9 Al-Qods, dans la d\u00e9fense de la ville sainte, la pr\u00e9servation de son identit\u00e9 et le soutien de la r\u00e9sistance des maqdessis, ainsi que l\u2019intense action men\u00e9e sur le terrain par l\u2019Agence Bayt Mal Al-Qods Acharif.<\/strong><\/span><span id=\"more-407372\"><\/span><\/p>\n<p>Dans un communiqu\u00e9 conjoint publi\u00e9 \u00e0 l\u2019issue de ses entretiens, mardi \u00e0 Marrakech, avec le ministre des Affaires \u00e9trang\u00e8res, de la coop\u00e9ration africaine et des Marocains r\u00e9sidant \u00e0 l\u2019\u00e9tranger, Nasser Bourita, le ministre bahre\u00efni a mis l\u2019accent sur la centralit\u00e9 de la cause palestinienne pour la Oumma arabe.<\/p>\n<p>Il a aussi soulign\u00e9 que cette question est prioritaire dans la politique \u00e9trang\u00e8re des deux pays, partant en cela des Hautes Orientations de SM le Roi Mohammed VI et de Son fr\u00e8re SM le Roi Hamad Ben Issa Al Khalifa, que Dieu Les pr\u00e9serve, et le ferme attachement des deux Souverains au droit l\u00e9gitime du peuple palestinien d\u2019\u00e9tablir son Etat ind\u00e9pendant sur la base des fronti\u00e8res du 4 juin 1967 avec Al Qods Est pour capitale, conform\u00e9ment \u00e0 la solution \u00e0 deux Etats, objet du consensus international et tel que pr\u00e9vu dans les r\u00e9solutions internationales y aff\u00e9rentes, ajoute la m\u00eame source.<\/p>\n<p>Par ailleurs, les deux ministres ont pass\u00e9 en revue les situations politique et s\u00e9curitaire dans la r\u00e9gion arabe, insistant sur l\u2019importance de l\u2019action arabe commune dans le renforcement des capacit\u00e9s des pays arabes, la pr\u00e9servation de la s\u00e9curit\u00e9 et la stabilit\u00e9 et la r\u00e9alisation du d\u00e9veloppement durable, selon le communiqu\u00e9 conjoint.<\/p>\n<p>Ils ont aussi exprim\u00e9 leur satisfaction quant \u00e0 la convergence de vues concernant diff\u00e9rentes questions, ainsi que les d\u00e9fis auxquels fait face la r\u00e9gion du Moyen-Orient, poursuit la m\u00eame source.<\/p>\n<\/div>\n<p>Auteur: ALM<br \/>\n<a href=\"https:\/\/aujourdhui.ma\/actualite\/nasser-bourita-recoit-le-ministre-bahreini-des-des-affaires-etrangeres\">Cliquez ici pour lire l&rsquo;article depuis sa source.<\/a><\/p>\n","protected":false},"excerpt":{"rendered":"<p>Le ministre bahre\u00efni des Affaires \u00e9trang\u00e8res, Abdullatif Bin Rashid Al Zayani, a salu\u00e9 le r\u00f4le pr\u00e9pond\u00e9rant de SM le Roi Mohammed VI, Pr\u00e9sident du comit\u00e9 Al-Qods, dans la d\u00e9fense de la ville sainte, la pr\u00e9servation de son identit\u00e9 et le soutien de la r\u00e9sistance des maqdessis, ainsi que l\u2019intense action men\u00e9e sur le terrain par [&hellip;]<\/p>\n","protected":false},"author":1759,"featured_media":0,"comment_status":"closed","ping_status":"closed","sticky":false,"template":"","format":"standard","meta":{"fifu_image_url":"https:\/\/aujourdhui.ma\/wp-content\/uploads\/2022\/05\/bahreini-bourita-300x153.png","fifu_image_alt":"Nasser Bourita re\u00e7oit le ministre bahre\u00efni des des Affaires \u00e9trang\u00e8res","footnotes":""},"categories":[73,54],"tags":[],"class_list":["post-147343","post","type-post","status-publish","format-standard","hentry","category-actualite","category-maroc"],"_links":{"self":[{"href":"https:\/\/linitiative.ca\/International\/wp-json\/wp\/v2\/posts\/147343","targetHints":{"allow":["GET"]}}],"collection":[{"href":"https:\/\/linitiative.ca\/International\/wp-json\/wp\/v2\/posts"}],"about":[{"href":"https:\/\/linitiative.ca\/International\/wp-json\/wp\/v2\/types\/post"}],"author":[{"embeddable":true,"href":"https:\/\/linitiative.ca\/International\/wp-json\/wp\/v2\/users\/1759"}],"replies":[{"embeddable":true,"href":"https:\/\/linitiative.ca\/International\/wp-json\/wp\/v2\/comments?post=147343"}],"version-history":[{"count":0,"href":"https:\/\/linitiative.ca\/International\/wp-json\/wp\/v2\/posts\/147343\/revisions"}],"wp:attachment":[{"href":"https:\/\/linitiative.ca\/International\/wp-json\/wp\/v2\/media?parent=147343"}],"wp:term":[{"taxonomy":"category","embeddable":true,"href":"https:\/\/linitiative.ca\/International\/wp-json\/wp\/v2\/categories?post=147343"},{"taxonomy":"post_tag","embeddable":true,"href":"https:\/\/linitiative.ca\/International\/wp-json\/wp\/v2\/tags?post=147343"}],"curies":[{"name":"wp","href":"https:\/\/api.w.org\/{rel}","templated":true}]}}