{"id":147345,"date":"2022-05-10T09:00:27","date_gmt":"2022-05-10T13:00:27","guid":{"rendered":"https:\/\/linitiative.ca\/International\/journee-de-la-creation-dentreprise-maroc-entrepreneurs-cloture-en-beaute-la-14eme-edition-de-tremplin-maroc\/"},"modified":"2022-05-10T09:00:27","modified_gmt":"2022-05-10T13:00:27","slug":"journee-de-la-creation-dentreprise-maroc-entrepreneurs-cloture-en-beaute-la-14eme-edition-de-tremplin-maroc","status":"publish","type":"post","link":"https:\/\/linitiative.ca\/International\/journee-de-la-creation-dentreprise-maroc-entrepreneurs-cloture-en-beaute-la-14eme-edition-de-tremplin-maroc\/","title":{"rendered":"Journ\u00e9e de la cr\u00e9ation d\u2019entreprise : Maroc Entrepreneurs cl\u00f4ture en beaut\u00e9  la 14\u00e8me \u00e9dition de Tremplin Maroc"},"content":{"rendered":"<div>\n<p><img decoding=\"async\" width=\"300\" height=\"153\" src=\"https:\/\/linitiative.ca\/International\/wp-content\/uploads\/sites\/23\/2022\/05\/JourneCC81e-de-la-creCC81ation-dentreprise-4eCC80me-eCC81dition-de-Tremplin-Maroc-300x153-1.jpg\" class=\"attachment-medium size-medium wp-post-image\" alt=\"\" loading=\"lazy\" srcset=\"https:\/\/linitiative.ca\/International\/wp-content\/uploads\/sites\/23\/2022\/05\/JourneCC81e-de-la-creCC81ation-dentreprise-4eCC80me-eCC81dition-de-Tremplin-Maroc-300x153-1.jpg 300w, https:\/\/aujourdhui.ma\/wp-content\/uploads\/2022\/05\/Journe\u0301e-de-la-cre\u0301ation-dentreprise-4e\u0300me-e\u0301dition-de-Tremplin-Maroc-274x140.jpg 274w, https:\/\/aujourdhui.ma\/wp-content\/uploads\/2022\/05\/Journe\u0301e-de-la-cre\u0301ation-dentreprise-4e\u0300me-e\u0301dition-de-Tremplin-Maroc.jpg 746w, https:\/\/aujourdhui.ma\/wp-content\/uploads\/2022\/05\/Journe\u0301e-de-la-cre\u0301ation-dentreprise-4e\u0300me-e\u0301dition-de-Tremplin-Maroc-165x84.jpg 165w, https:\/\/aujourdhui.ma\/wp-content\/uploads\/2022\/05\/Journe\u0301e-de-la-cre\u0301ation-dentreprise-4e\u0300me-e\u0301dition-de-Tremplin-Maroc-702x358.jpg 702w\" sizes=\"auto, (max-width: 300px) 100vw, 300px\"><\/p>\n<p><span style=\"font-size: 20px; color: #800000;\"><strong>C\u2019est le 14 mai que l\u2019Association Maroc Entrepreneurs marquera son retour en pr\u00e9sentiel \u00e0 la Maison de la chimie \u00e0 Paris pour cl\u00f4turer le programme d\u2019accompagnement \u00e0 la cr\u00e9ation d\u2019entreprise \u00abTremplin Maroc\u00bb.<\/strong> <\/span><span id=\"more-407333\"><\/span><\/p>\n<p>La th\u00e9matique retenue, \u00abNouveau Maroc, nouveaux challenges vers un d\u00e9veloppement inclusif et durable\u00bb, permettra de valoriser les enjeux d\u2019un rapprochement entre les deux rives de la M\u00e9diterran\u00e9e. Pour cette ann\u00e9e, l\u2019espace d\u00e9di\u00e9 au Forum Tremplin Maroc se fera plus grand. L\u2019exposition qui r\u00e9unit, en effet, lors de chaque \u00e9dition des acteurs des \u00e9cosyst\u00e8mes \u00e9conomiques et entrepreneuriaux marocains et fran\u00e7ais, s\u2019appr\u00eate \u00e0 accueillir le village des r\u00e9gions. \u00abLes participants pourront ainsi aller \u00e0 la rencontre des repr\u00e9sentants desdites r\u00e9gions pour conna\u00eetre les opportunit\u00e9s de business et d\u2019investissement qui s\u2019offrent \u00e0 eux\u00bb, promettent les organisateurs.<br \/>\nPlus de 1.000 visiteurs sont attendus. Et la journ\u00e9e sera ponctu\u00e9e de masters class, d\u2019un d\u00e9jeuner networking, de pr\u00e9sentations de profils d\u2019entrepreneurs et des rendez-vous d\u2019affaires.<\/p>\n<p>L\u2019association c\u00e9l\u00e9brera aussi \u00e0 l\u2019occasion les porteurs de projets qui ont \u00e9t\u00e9 accompagn\u00e9s dans le cadre de son programme d\u2019incubation \u00abTremplin Maroc\u00bb, l\u2019ann\u00e9e 2021. \u00abLes projets les plus aboutis se verront r\u00e9compens\u00e9s par des prix avec, \u00e0 la cl\u00e9, des mises en relation privil\u00e9gi\u00e9es pour poursuivre leur aventure entrepreneuriale\u00bb, assurent les porte-parole de l\u2019association. Cette 14e \u00e9dition de la Journ\u00e9e de la cr\u00e9ation d\u2019entreprise compte sur la pr\u00e9sence d\u2019institutionnels et d\u2019acteurs de l\u2019\u00e9cosyst\u00e8me entrepreneurial marocain et fran\u00e7ais pour ne citer que la Fondation Hassan II pour les Marocains r\u00e9sidant \u00e0 l\u2019\u00e9tranger, l\u2019ambassade du Royaume du Maroc en France, Tamwilcom, l\u2019Agence marocaine du d\u00e9veloppement des investissements et des exportations (AMDIE), des repr\u00e9sentants de Centres r\u00e9gionaux d\u2019investissement (CRI), des repr\u00e9sentants de fonds d\u2019investissements et des chefs d\u2019entreprises.<\/p>\n<p>Pour rappel, Maroc Entrepreneurs est une association \u00e0 but non lucratif, cr\u00e9\u00e9e en 1999 \u00e0 Paris. Elle a pour principale vocation de contribuer au d\u00e9veloppement socio-\u00e9conomique du Maroc. L\u2019association compte d\u00e9sormais plus de 12.000 membres (comp\u00e9tences marocaines). Et son plan d\u2019action est essentiellement orient\u00e9 vers la mise en relation entre d\u2019une part les porteurs de projets et les investisseurs potentiels qui faciliteraient la p\u00e9rennisation \u00e9conomique desdits projets au Maroc. Les enjeux sont r\u00e9els car il est question de cr\u00e9ation d\u2019emplois et d\u2019augmentation des indicateurs \u00e9conomiques marocains. L\u2019Indice du d\u00e9veloppement humain en serait \u00e9galement impact\u00e9 si les actions sont orient\u00e9es sur le plan r\u00e9gional.<br \/>\nA suivre\u2026<\/p>\n<\/div>\n<p>Auteur: Dounia Essabban<br \/>\n<a href=\"https:\/\/aujourdhui.ma\/economie\/journee-de-la-creation-dentreprise-maroc-entrepreneurs-cloture-en-beaute-la-14eme-edition-de-tremplin-maroc\">Cliquez ici pour lire l&rsquo;article depuis sa source.<\/a><\/p>\n","protected":false},"excerpt":{"rendered":"<p>C\u2019est le 14 mai que l\u2019Association Maroc Entrepreneurs marquera son retour en pr\u00e9sentiel \u00e0 la Maison de la chimie \u00e0 Paris pour cl\u00f4turer le programme d\u2019accompagnement \u00e0 la cr\u00e9ation d\u2019entreprise \u00abTremplin Maroc\u00bb. La th\u00e9matique retenue, \u00abNouveau Maroc, nouveaux challenges vers un d\u00e9veloppement inclusif et durable\u00bb, permettra de valoriser les enjeux d\u2019un rapprochement entre les deux [&hellip;]<\/p>\n","protected":false},"author":1759,"featured_media":0,"comment_status":"closed","ping_status":"closed","sticky":false,"template":"","format":"standard","meta":{"fifu_image_url":"https:\/\/aujourdhui.ma\/wp-content\/uploads\/2022\/05\/Journe\u0301e-de-la-cre\u0301ation-dentreprise-4e\u0300me-e\u0301dition-de-Tremplin-Maroc-300x153.jpg","fifu_image_alt":"Journ\u00e9e de la cr\u00e9ation d\u2019entreprise : Maroc Entrepreneurs cl\u00f4ture en beaut\u00e9  la 14\u00e8me \u00e9dition de Tremplin Maroc","footnotes":""},"categories":[73,54],"tags":[],"class_list":["post-147345","post","type-post","status-publish","format-standard","hentry","category-actualite","category-maroc"],"_links":{"self":[{"href":"https:\/\/linitiative.ca\/International\/wp-json\/wp\/v2\/posts\/147345","targetHints":{"allow":["GET"]}}],"collection":[{"href":"https:\/\/linitiative.ca\/International\/wp-json\/wp\/v2\/posts"}],"about":[{"href":"https:\/\/linitiative.ca\/International\/wp-json\/wp\/v2\/types\/post"}],"author":[{"embeddable":true,"href":"https:\/\/linitiative.ca\/International\/wp-json\/wp\/v2\/users\/1759"}],"replies":[{"embeddable":true,"href":"https:\/\/linitiative.ca\/International\/wp-json\/wp\/v2\/comments?post=147345"}],"version-history":[{"count":0,"href":"https:\/\/linitiative.ca\/International\/wp-json\/wp\/v2\/posts\/147345\/revisions"}],"wp:attachment":[{"href":"https:\/\/linitiative.ca\/International\/wp-json\/wp\/v2\/media?parent=147345"}],"wp:term":[{"taxonomy":"category","embeddable":true,"href":"https:\/\/linitiative.ca\/International\/wp-json\/wp\/v2\/categories?post=147345"},{"taxonomy":"post_tag","embeddable":true,"href":"https:\/\/linitiative.ca\/International\/wp-json\/wp\/v2\/tags?post=147345"}],"curies":[{"name":"wp","href":"https:\/\/api.w.org\/{rel}","templated":true}]}}