{"id":14735,"date":"2019-02-16T11:24:35","date_gmt":"2019-02-16T16:24:35","guid":{"rendered":"https:\/\/linitiative.ca\/International\/85645-coupe-d-algerie-la-double-confrontation-crb-nahd-au-stade-du-5-juillet\/"},"modified":"2019-02-16T11:24:35","modified_gmt":"2019-02-16T16:24:35","slug":"85645-coupe-d-algerie-la-double-confrontation-crb-nahd-au-stade-du-5-juillet","status":"publish","type":"post","link":"https:\/\/linitiative.ca\/International\/85645-coupe-d-algerie-la-double-confrontation-crb-nahd-au-stade-du-5-juillet\/","title":{"rendered":"Coupe d&rsquo;Alg\u00e9rie : la double confrontation CRB &#8211; NAHD au stade du 5-juillet"},"content":{"rendered":"<div>\n<div class=\"K2FeedImage\"><img decoding=\"async\" src=\"http:\/\/www.aps.dz\/media\/k2\/items\/cache\/be68e82c665f4acf0bdfd025b8110bc1_S.jpg\" alt=\"Coupe d'Alg\u00e9rie : la double confrontation CRB - NAHD au stade du 5-juillet\"><\/div>\n<div class=\"K2FeedIntroText\">\n<p>ALGER &#8211; La double confrontation entre le CR Belouizdad et le NA Husse\u00efn-Dey, comptant pour les quarts de finale de la Coupe d&rsquo;Alg\u00e9rie de football a \u00e9t\u00e9 domicili\u00e9e au stade olympique du 5-juillet au lieu du stade 20 ao\u00fbt, a annonc\u00e9 la f\u00e9d\u00e9ration alg\u00e9rienne (FAF) samedi sur son site officiel.<\/p>\n<\/div>\n<div class=\"K2FeedFullText\">\n<p>\u00ab\u00a0Suite \u00e0 la demande des deux \u00e9quipes, la commission d\u2019organisation de la Coupe d\u2019Alg\u00e9rie donne son accord pour domicilier cette rencontre des quarts de finale de la coupe, en aller-retour au stade du 5 juillet au lieu du stade 20-ao\u00fbt 1955 d\u2019Alger aux m\u00eames dates et aux m\u00eames horaires d\u00e9j\u00e0 communiqu\u00e9es pr\u00e9c\u00e9demment\u00a0\u00bb, pr\u00e9cise la m\u00eame source.<\/p>\n<p>Le match aller se jouera le mardi 19 f\u00e9vrier, alors que la seconde manche se d\u00e9roulera le jeudi 28 mars prochain. La double confrontation entre le CS Constantine et le MC Oran a \u00e9t\u00e9 d\u00e9cal\u00e9e au mois de mars au lieu de f\u00e9vrier , en raison de l&rsquo;engagement du CSC en Ligue des champions d&rsquo;Afrique.<\/p>\n<p>Le match aller se jouera le mardi 12 mars \u00e0 Constantine, alors que le match retour aura lieu le 29 mars \u00e0 Oran.<\/p>\n<hr>\n<p><em><strong>Lire aussi :\u00a0<a href=\"http:\/\/www.aps.dz\/sport\/85545-competitions-africaines-interclubs-la-js-saoura-et-le-na-hussein-dey-s-illustrent\" target=\"_blank\" rel=\"noopener noreferrer\">Comp\u00e9titions africaines interclubs: la JS Saoura et le NA Husse\u00efn-Dey s&rsquo;illustrent<\/a><\/strong><\/em><\/p>\n<hr>\n<p>Nouveau calendrier des 1\/4 de finale (17h00) :<\/p>\n<p><strong>&#8212; Aller &#8212; <\/strong><\/p>\n<p><strong>19 f\u00e9vrier 2019 <\/strong><\/p>\n<p>Stade 5-juillet (Alger): CR Belouizdad &#8211; NA Husse\u00efn-Dey<\/p>\n<p>Stade 19-Mai-1956 (Annaba): USM Annaba &#8211; ES S\u00e9tif<\/p>\n<p><strong>23 f\u00e9vrier :<\/strong> Stade de l&rsquo;Unit\u00e9 maghr\u00e9bine (B\u00e9ja\u00efa): JSM B\u00e9ja\u00efa &#8211; Paradou AC<\/p>\n<p><strong>12 mars :<\/strong> Stade Chahid-Hamlaoui (Constantine): CS Constantine &#8211; MC Oran<\/p>\n<p>\u00a0<\/p>\n<p><strong>&#8212; RETOUR&#8211;<\/strong><\/p>\n<p><strong> 27 f\u00e9vrier :<\/strong> Stade 8-Mai-1945 (S\u00e9tif): ES S\u00e9tif &#8211; USM Annaba<\/p>\n<p><strong>9 mars\u00a0:<\/strong>\u00a0Stade Omar-Hamadi (Alger): Paradou AC &#8211; JSM B\u00e9ja\u00efa<\/p>\n<p><strong>28 mars\u00a0:<\/strong>\u00a0 Stade 5-juillet (Alger) : NA Husse\u00efn-Dey &#8211; CR Belouizdad<\/p>\n<p><strong>29 mars :<\/strong> Stade Ahmed-Zabana (Oran) : MC Oran &#8211; CS Constantine<\/p>\n<\/div>\n<p><img loading=\"lazy\" decoding=\"async\" src=\"http:\/\/feeds.feedburner.com\/~r\/aps-sport\/~4\/NPDAp4h7t0g\" height=\"1\" width=\"1\" alt=\"\"><\/div>\n<p>Auteur:<br \/>\n<a href=\"http:\/\/www.aps.dz\/sport\/85645-coupe-d-algerie-la-double-confrontation-crb-nahd-au-stade-du-5-juillet?utm_source=feedburner&#038;utm_medium=feed&#038;utm_campaign=Feed%3A+aps-sport+%28APS+-+SPORT%29\">Cliquez ici pour lire l&rsquo;article depuis sa source.<\/a><\/p>\n","protected":false},"excerpt":{"rendered":"<p>ALGER &#8211; La double confrontation entre le CR Belouizdad et le NA Husse\u00efn-Dey, comptant pour les quarts de finale de la Coupe d&rsquo;Alg\u00e9rie de football a \u00e9t\u00e9 domicili\u00e9e au stade olympique du 5-juillet au lieu du stade 20 ao\u00fbt, a annonc\u00e9 la f\u00e9d\u00e9ration alg\u00e9rienne (FAF) samedi sur son site officiel. \u00ab\u00a0Suite \u00e0 la demande des [&hellip;]<\/p>\n","protected":false},"author":1790,"featured_media":14736,"comment_status":"closed","ping_status":"closed","sticky":false,"template":"","format":"standard","meta":{"fifu_image_url":"","fifu_image_alt":"","footnotes":""},"categories":[53,75],"tags":[],"class_list":["post-14735","post","type-post","status-publish","format-standard","has-post-thumbnail","hentry","category-algerie","category-sport"],"_links":{"self":[{"href":"https:\/\/linitiative.ca\/International\/wp-json\/wp\/v2\/posts\/14735","targetHints":{"allow":["GET"]}}],"collection":[{"href":"https:\/\/linitiative.ca\/International\/wp-json\/wp\/v2\/posts"}],"about":[{"href":"https:\/\/linitiative.ca\/International\/wp-json\/wp\/v2\/types\/post"}],"author":[{"embeddable":true,"href":"https:\/\/linitiative.ca\/International\/wp-json\/wp\/v2\/users\/1790"}],"replies":[{"embeddable":true,"href":"https:\/\/linitiative.ca\/International\/wp-json\/wp\/v2\/comments?post=14735"}],"version-history":[{"count":0,"href":"https:\/\/linitiative.ca\/International\/wp-json\/wp\/v2\/posts\/14735\/revisions"}],"wp:featuredmedia":[{"embeddable":true,"href":"https:\/\/linitiative.ca\/International\/wp-json\/"}],"wp:attachment":[{"href":"https:\/\/linitiative.ca\/International\/wp-json\/wp\/v2\/media?parent=14735"}],"wp:term":[{"taxonomy":"category","embeddable":true,"href":"https:\/\/linitiative.ca\/International\/wp-json\/wp\/v2\/categories?post=14735"},{"taxonomy":"post_tag","embeddable":true,"href":"https:\/\/linitiative.ca\/International\/wp-json\/wp\/v2\/tags?post=14735"}],"curies":[{"name":"wp","href":"https:\/\/api.w.org\/{rel}","templated":true}]}}