{"id":147363,"date":"2022-05-10T11:02:16","date_gmt":"2022-05-10T15:02:16","guid":{"rendered":"https:\/\/linitiative.ca\/International\/le-mco-se-separe-de-son-entraineur-hilal-ettair\/"},"modified":"2022-05-10T11:02:16","modified_gmt":"2022-05-10T15:02:16","slug":"le-mco-se-separe-de-son-entraineur-hilal-ettair","status":"publish","type":"post","link":"https:\/\/linitiative.ca\/International\/le-mco-se-separe-de-son-entraineur-hilal-ettair\/","title":{"rendered":"Le MCO se s\u00e9pare de son entra\u00eeneur Hilal Ettair"},"content":{"rendered":"<div>\n<div style=\"margin-bottom:20px;\"><img loading=\"lazy\" decoding=\"async\" width=\"750\" height=\"430\" src=\"https:\/\/linitiative.ca\/International\/wp-content\/uploads\/sites\/23\/2022\/05\/Logo-MCO-M750C397430-DR.jpg\" class=\"attachment-post-thumbnail size-post-thumbnail wp-post-image\" alt=\"\" srcset=\"https:\/\/linitiative.ca\/International\/wp-content\/uploads\/sites\/23\/2022\/05\/Logo-MCO-M750C397430-DR.jpg 750w, https:\/\/www.mapoujda.ma\/map\/uploads\/2021\/12\/Logo-MCO-M750\u00d7430-DR-300x172.jpg 300w\" sizes=\"auto, (max-width: 750px) 100vw, 750px\"><\/div>\n<div>\n<p style=\"text-align: justify;\">Le Mouloudia Oujda (MCO) a annonc\u00e9, mardi, qu\u2019il s\u2019est s\u00e9par\u00e9 de son entra\u00eeneur marocain Hilal Ettair.<\/p>\n<p style=\"text-align: justify;\">Selon un communiqu\u00e9 du MCO, le pr\u00e9sident du club, Mohamed Houar a tenu, mardi matin, une r\u00e9union avec M. Ettair pour examiner la situation que vit le Mouloudia durant cette saison, et les deux parties se sont mises d\u2019accord pour mettre fin, officiellement et \u00e0 l\u2019amiable, \u00e0 leur collaboration.<\/p>\n<p style=\"text-align: justify;\">Le nom du nouvel entra\u00eeneur qui prendra les r\u00eanes du collectif oujdi sera annonc\u00e9 au cours des prochaines heures, ajoute la m\u00eame source.<\/p>\n<p style=\"text-align: justify;\">Hilal Ettair avait \u00e9t\u00e9 engag\u00e9 en d\u00e9cembre dernier par le MCO en remplacement de l\u2019Alg\u00e9rien Nabil Nghiz.<\/p>\n<p style=\"text-align: justify;\">Le Mouloudia Oujda occupe la 14\u00e8me place au classement de la Botola Pro D1 \u00ab\u00a0Inwi\u00a0\u00bb, avec seulement 22 points au compteur \u00e0 l\u2019issue de la 23\u00e8me journ\u00e9e.<\/p>\n<\/div>\n<p>L\u2019article <a rel=\"nofollow\" href=\"https:\/\/www.mapoujda.ma\/fr\/le-mco-se-separe-de-son-entraineur-hilal-ettair\/\">Le MCO se s\u00e9pare de son entra\u00eeneur Hilal Ettair<\/a> est apparu en premier sur <a rel=\"nofollow\" href=\"https:\/\/www.mapoujda.ma\/fr\">MapOujda<\/a>.<\/p>\n<\/div>\n<p>Auteur: Soufiane ELAHMAR<br \/>\n<a href=\"https:\/\/www.mapoujda.ma\/fr\/le-mco-se-separe-de-son-entraineur-hilal-ettair\/\">Cliquez ici pour lire l&rsquo;article depuis sa source.<\/a><\/p>\n","protected":false},"excerpt":{"rendered":"<p>Le Mouloudia Oujda (MCO) a annonc\u00e9, mardi, qu\u2019il s\u2019est s\u00e9par\u00e9 de son entra\u00eeneur marocain Hilal Ettair. Selon un communiqu\u00e9 du MCO, le pr\u00e9sident du club, Mohamed Houar a tenu, mardi matin, une r\u00e9union avec M. Ettair pour examiner la situation que vit le Mouloudia durant cette saison, et les deux parties se sont mises d\u2019accord [&hellip;]<\/p>\n","protected":false},"author":1788,"featured_media":0,"comment_status":"closed","ping_status":"closed","sticky":false,"template":"","format":"standard","meta":{"fifu_image_url":"https:\/\/www.mapoujda.ma\/map\/uploads\/2021\/12\/Logo-MCO-M750\u00d7430-DR.jpg","fifu_image_alt":"Le MCO se s\u00e9pare de son entra\u00eeneur Hilal Ettair","footnotes":""},"categories":[54,76],"tags":[],"class_list":["post-147363","post","type-post","status-publish","format-standard","hentry","category-maroc","category-regions"],"_links":{"self":[{"href":"https:\/\/linitiative.ca\/International\/wp-json\/wp\/v2\/posts\/147363","targetHints":{"allow":["GET"]}}],"collection":[{"href":"https:\/\/linitiative.ca\/International\/wp-json\/wp\/v2\/posts"}],"about":[{"href":"https:\/\/linitiative.ca\/International\/wp-json\/wp\/v2\/types\/post"}],"author":[{"embeddable":true,"href":"https:\/\/linitiative.ca\/International\/wp-json\/wp\/v2\/users\/1788"}],"replies":[{"embeddable":true,"href":"https:\/\/linitiative.ca\/International\/wp-json\/wp\/v2\/comments?post=147363"}],"version-history":[{"count":0,"href":"https:\/\/linitiative.ca\/International\/wp-json\/wp\/v2\/posts\/147363\/revisions"}],"wp:attachment":[{"href":"https:\/\/linitiative.ca\/International\/wp-json\/wp\/v2\/media?parent=147363"}],"wp:term":[{"taxonomy":"category","embeddable":true,"href":"https:\/\/linitiative.ca\/International\/wp-json\/wp\/v2\/categories?post=147363"},{"taxonomy":"post_tag","embeddable":true,"href":"https:\/\/linitiative.ca\/International\/wp-json\/wp\/v2\/tags?post=147363"}],"curies":[{"name":"wp","href":"https:\/\/api.w.org\/{rel}","templated":true}]}}