{"id":147373,"date":"2022-05-10T04:50:00","date_gmt":"2022-05-10T08:50:00","guid":{"rendered":"https:\/\/linitiative.ca\/International\/maledh-marrakchi-a-propos-dethique-dans-lexercice-dune-fonction-dinteret-general\/"},"modified":"2022-05-10T04:50:00","modified_gmt":"2022-05-10T08:50:00","slug":"maledh-marrakchi-a-propos-dethique-dans-lexercice-dune-fonction-dinteret-general","status":"publish","type":"post","link":"https:\/\/linitiative.ca\/International\/maledh-marrakchi-a-propos-dethique-dans-lexercice-dune-fonction-dinteret-general\/","title":{"rendered":"Maledh Marrakchi: A propos d\u2019\u00e9thique dans l\u2019exercice d\u2019une fonction d\u2019int\u00e9r\u00eat g\u00e9n\u00e9ral"},"content":{"rendered":"<div><img decoding=\"async\" src=\"https:\/\/linitiative.ca\/International\/wp-content\/uploads\/sites\/23\/2022\/05\/1652175709_article.jpg\" alt=\"Maledh Marrakchi: A propos d\u2019\u00e9thique dans l\u2019exercice d\u2019une fonction d\u2019int\u00e9r\u00eat g\u00e9n\u00e9ral\" align=\"left\">L\u2019\u00e9thique est d\u00e9finie, d\u2019apr\u00e8s le Larousse, comme l\u2019ensemble des principes moraux qui sont \u00e0 la base de la conduite de quelqu&rsquo;un. Souvent consid\u00e9r\u00e9e comme synonyme de \u00abla morale\u00bb mais pas toujours notamment par certains philosophes et de quelques pays qui ont \u00e9tablis des guides \u00abd\u2019\u00e9thique\u00bb par r\u00e9f\u00e9rence \u00e0 ce qui est consid\u00e9r\u00e9 comme la \u00abmorale\u00bb.<br \/>\nAu Canada par exemple, la morale r\u00e9f\u00e8re \u00e0 un ensemble de valeurs et de principes qui permettent de diff\u00e9rencier le bien du mal, le juste de l&rsquo;injuste, l&rsquo;acceptable de l&rsquo;inacceptable, et auxquels il faudrait se conformer. L\u2019\u00e9thique quant \u00e0 elle, n&rsquo;est pas un ensemble de valeurs ni de principes en particulier. Il &#8230;<\/p>\n<\/div>\n<p>Auteur:<br \/>\n<a href=\"https:\/\/www.leaders.com.tn\/article\/33324-maledh-marrakchi-a-propos-d-ethique-dans-l-exercice-d-une-fonction-d-interet-general\">Cliquez ici pour lire l&rsquo;article depuis sa source.<\/a><\/p>\n","protected":false},"excerpt":{"rendered":"<p>L\u2019\u00e9thique est d\u00e9finie, d\u2019apr\u00e8s le Larousse, comme l\u2019ensemble des principes moraux qui sont \u00e0 la base de la conduite de quelqu&rsquo;un. Souvent consid\u00e9r\u00e9e comme synonyme de \u00abla morale\u00bb mais pas toujours notamment par certains philosophes et de quelques pays qui ont \u00e9tablis des guides \u00abd\u2019\u00e9thique\u00bb par r\u00e9f\u00e9rence \u00e0 ce qui est consid\u00e9r\u00e9 comme la \u00abmorale\u00bb. [&hellip;]<\/p>\n","protected":false},"author":1772,"featured_media":0,"comment_status":"closed","ping_status":"closed","sticky":false,"template":"","format":"standard","meta":{"fifu_image_url":"http:\/\/www.leaders.com.tn\/uploads\/content\/thumbnails_small\/1652175709_article.jpg","fifu_image_alt":"Maledh Marrakchi: A propos d\u2019\u00e9thique dans l\u2019exercice d\u2019une fonction d\u2019int\u00e9r\u00eat g\u00e9n\u00e9ral","footnotes":""},"categories":[73,55],"tags":[],"class_list":["post-147373","post","type-post","status-publish","format-standard","hentry","category-actualite","category-tunisie"],"_links":{"self":[{"href":"https:\/\/linitiative.ca\/International\/wp-json\/wp\/v2\/posts\/147373","targetHints":{"allow":["GET"]}}],"collection":[{"href":"https:\/\/linitiative.ca\/International\/wp-json\/wp\/v2\/posts"}],"about":[{"href":"https:\/\/linitiative.ca\/International\/wp-json\/wp\/v2\/types\/post"}],"author":[{"embeddable":true,"href":"https:\/\/linitiative.ca\/International\/wp-json\/wp\/v2\/users\/1772"}],"replies":[{"embeddable":true,"href":"https:\/\/linitiative.ca\/International\/wp-json\/wp\/v2\/comments?post=147373"}],"version-history":[{"count":0,"href":"https:\/\/linitiative.ca\/International\/wp-json\/wp\/v2\/posts\/147373\/revisions"}],"wp:attachment":[{"href":"https:\/\/linitiative.ca\/International\/wp-json\/wp\/v2\/media?parent=147373"}],"wp:term":[{"taxonomy":"category","embeddable":true,"href":"https:\/\/linitiative.ca\/International\/wp-json\/wp\/v2\/categories?post=147373"},{"taxonomy":"post_tag","embeddable":true,"href":"https:\/\/linitiative.ca\/International\/wp-json\/wp\/v2\/tags?post=147373"}],"curies":[{"name":"wp","href":"https:\/\/api.w.org\/{rel}","templated":true}]}}