{"id":147375,"date":"2022-05-10T05:01:00","date_gmt":"2022-05-10T09:01:00","guid":{"rendered":"https:\/\/linitiative.ca\/International\/500-experts-comptables-et-commissaires-aux-comptes-attendus-ce-mercredi-au-colloque-international-de-la-fidef-a-yasmine-hammamet\/"},"modified":"2022-05-10T05:01:00","modified_gmt":"2022-05-10T09:01:00","slug":"500-experts-comptables-et-commissaires-aux-comptes-attendus-ce-mercredi-au-colloque-international-de-la-fidef-a-yasmine-hammamet","status":"publish","type":"post","link":"https:\/\/linitiative.ca\/International\/500-experts-comptables-et-commissaires-aux-comptes-attendus-ce-mercredi-au-colloque-international-de-la-fidef-a-yasmine-hammamet\/","title":{"rendered":"500 experts comptables et commissaires aux comptes attendus ce mercredi au colloque international de la FIDEF \u00e0 Yasmine Hammamet"},"content":{"rendered":"<div><img decoding=\"async\" src=\"https:\/\/linitiative.ca\/International\/wp-content\/uploads\/sites\/23\/2022\/05\/1652170423_article.jpg\" alt=\"500 experts comptables et commissaires aux comptes attendus ce mercredi au colloque international de la FIDEF \u00e0 Yasmine Hammamet\" align=\"left\">Le colloque international des experts-comptables et commissaires-aux-comptes francophones (FIDEF), d\u00e9butera ce mercredi 11 mai \u00e0 Yasmine Hammamet. Pr\u00e8s de 500 participants, dont la moiti\u00e9 venant de l\u2019\u00e9tranger, sont attendus \u00e0 cette importante rencontre marquant le 40\u00e8me anniversaire de la FIDEF. Ils d\u00e9battront notamment du r\u00f4le des experts comptables et des commissaires aux comptes dans le d\u00e9veloppement \u00e9conomique, l\u2019inclusion de l\u2019informel et la lutte contre le blanchiment d\u2019argent.<br \/>\nPr\u00e9sid\u00e9e par Slaheddine Zahaf, la FIDEF rassemble les Ordres, Instituts et Organisations professionnelles comptables de 37 pays francophones r\u00e9partis sur 4 continents, et repr\u00e9sente donc &#8230;<\/p>\n<\/div>\n<p>Auteur:<br \/>\n<a href=\"https:\/\/www.leaders.com.tn\/article\/33323-500-experts-comptables-et-commissaires-aux-comptes-attendus-ce-mercredi-au-colloque-international-de-la-fidef-a-yasmine-hammamet\">Cliquez ici pour lire l&rsquo;article depuis sa source.<\/a><\/p>\n","protected":false},"excerpt":{"rendered":"<p>Le colloque international des experts-comptables et commissaires-aux-comptes francophones (FIDEF), d\u00e9butera ce mercredi 11 mai \u00e0 Yasmine Hammamet. Pr\u00e8s de 500 participants, dont la moiti\u00e9 venant de l\u2019\u00e9tranger, sont attendus \u00e0 cette importante rencontre marquant le 40\u00e8me anniversaire de la FIDEF. Ils d\u00e9battront notamment du r\u00f4le des experts comptables et des commissaires aux comptes dans le [&hellip;]<\/p>\n","protected":false},"author":1772,"featured_media":0,"comment_status":"closed","ping_status":"closed","sticky":false,"template":"","format":"standard","meta":{"fifu_image_url":"http:\/\/www.leaders.com.tn\/uploads\/content\/thumbnails_small\/1652170423_article.jpg","fifu_image_alt":"500 experts comptables et commissaires aux comptes attendus ce mercredi au colloque international de la FIDEF \u00e0 Yasmine Hammamet","footnotes":""},"categories":[73,55],"tags":[],"class_list":["post-147375","post","type-post","status-publish","format-standard","hentry","category-actualite","category-tunisie"],"_links":{"self":[{"href":"https:\/\/linitiative.ca\/International\/wp-json\/wp\/v2\/posts\/147375","targetHints":{"allow":["GET"]}}],"collection":[{"href":"https:\/\/linitiative.ca\/International\/wp-json\/wp\/v2\/posts"}],"about":[{"href":"https:\/\/linitiative.ca\/International\/wp-json\/wp\/v2\/types\/post"}],"author":[{"embeddable":true,"href":"https:\/\/linitiative.ca\/International\/wp-json\/wp\/v2\/users\/1772"}],"replies":[{"embeddable":true,"href":"https:\/\/linitiative.ca\/International\/wp-json\/wp\/v2\/comments?post=147375"}],"version-history":[{"count":0,"href":"https:\/\/linitiative.ca\/International\/wp-json\/wp\/v2\/posts\/147375\/revisions"}],"wp:attachment":[{"href":"https:\/\/linitiative.ca\/International\/wp-json\/wp\/v2\/media?parent=147375"}],"wp:term":[{"taxonomy":"category","embeddable":true,"href":"https:\/\/linitiative.ca\/International\/wp-json\/wp\/v2\/categories?post=147375"},{"taxonomy":"post_tag","embeddable":true,"href":"https:\/\/linitiative.ca\/International\/wp-json\/wp\/v2\/tags?post=147375"}],"curies":[{"name":"wp","href":"https:\/\/api.w.org\/{rel}","templated":true}]}}