{"id":147377,"date":"2022-05-10T05:10:00","date_gmt":"2022-05-10T09:10:00","guid":{"rendered":"https:\/\/linitiative.ca\/International\/social-numerique-rattraper-tant-de-retard\/"},"modified":"2022-05-10T05:10:00","modified_gmt":"2022-05-10T09:10:00","slug":"social-numerique-rattraper-tant-de-retard","status":"publish","type":"post","link":"https:\/\/linitiative.ca\/International\/social-numerique-rattraper-tant-de-retard\/","title":{"rendered":"Social, num\u00e9rique&#8230; Rattraper tant de retard"},"content":{"rendered":"<div><img decoding=\"async\" src=\"https:\/\/linitiative.ca\/International\/wp-content\/uploads\/sites\/23\/2022\/05\/1652105146_article.jpg\" alt=\"Social, num\u00e9rique... Rattraper tant de retard\" align=\"left\">Au mieux, il va falloir attendre le mois de f\u00e9vrier 2023 pour que la Tunisie puisse se doter d\u2019un nouveau gouvernement. C\u2019est-\u00e0-dire dix mois pour qu\u2019une nouvelle \u00e9quipe, issue des \u00e9lections l\u00e9gislatives anticip\u00e9es, promises pour le 17 d\u00e9cembre prochain, soit l\u00e9gitimement hiss\u00e9e aux commandes, pour une p\u00e9riode esp\u00e9r\u00e9e stable. D\u2019ici l\u00e0, le gouvernement Najla Bouden doit pouvoir tenir et r\u00e9sister aux al\u00e9as des multiples crises. Son unique salut est de ne gu\u00e8re se consid\u00e9rer comme un gouvernement charg\u00e9 d\u2019exp\u00e9dier les affaires courantes, de d\u00e9poussi\u00e9rer tant de dossiers ensevelis par des gouvernements pr\u00e9c\u00e9dents et rel\u00e9gu\u00e9s aux oubliettes d\u2019une &#8230;<\/p>\n<\/div>\n<p>Auteur:<br \/>\n<a href=\"https:\/\/www.leaders.com.tn\/article\/33320-social-numerique-rattraper-tant-de-retard\">Cliquez ici pour lire l&rsquo;article depuis sa source.<\/a><\/p>\n","protected":false},"excerpt":{"rendered":"<p>Au mieux, il va falloir attendre le mois de f\u00e9vrier 2023 pour que la Tunisie puisse se doter d\u2019un nouveau gouvernement. C\u2019est-\u00e0-dire dix mois pour qu\u2019une nouvelle \u00e9quipe, issue des \u00e9lections l\u00e9gislatives anticip\u00e9es, promises pour le 17 d\u00e9cembre prochain, soit l\u00e9gitimement hiss\u00e9e aux commandes, pour une p\u00e9riode esp\u00e9r\u00e9e stable. D\u2019ici l\u00e0, le gouvernement Najla Bouden [&hellip;]<\/p>\n","protected":false},"author":1772,"featured_media":0,"comment_status":"closed","ping_status":"closed","sticky":false,"template":"","format":"standard","meta":{"fifu_image_url":"http:\/\/www.leaders.com.tn\/uploads\/content\/thumbnails_small\/1652105146_article.jpg","fifu_image_alt":"Social, num\u00e9rique... Rattraper tant de retard","footnotes":""},"categories":[73,55],"tags":[],"class_list":["post-147377","post","type-post","status-publish","format-standard","hentry","category-actualite","category-tunisie"],"_links":{"self":[{"href":"https:\/\/linitiative.ca\/International\/wp-json\/wp\/v2\/posts\/147377","targetHints":{"allow":["GET"]}}],"collection":[{"href":"https:\/\/linitiative.ca\/International\/wp-json\/wp\/v2\/posts"}],"about":[{"href":"https:\/\/linitiative.ca\/International\/wp-json\/wp\/v2\/types\/post"}],"author":[{"embeddable":true,"href":"https:\/\/linitiative.ca\/International\/wp-json\/wp\/v2\/users\/1772"}],"replies":[{"embeddable":true,"href":"https:\/\/linitiative.ca\/International\/wp-json\/wp\/v2\/comments?post=147377"}],"version-history":[{"count":0,"href":"https:\/\/linitiative.ca\/International\/wp-json\/wp\/v2\/posts\/147377\/revisions"}],"wp:attachment":[{"href":"https:\/\/linitiative.ca\/International\/wp-json\/wp\/v2\/media?parent=147377"}],"wp:term":[{"taxonomy":"category","embeddable":true,"href":"https:\/\/linitiative.ca\/International\/wp-json\/wp\/v2\/categories?post=147377"},{"taxonomy":"post_tag","embeddable":true,"href":"https:\/\/linitiative.ca\/International\/wp-json\/wp\/v2\/tags?post=147377"}],"curies":[{"name":"wp","href":"https:\/\/api.w.org\/{rel}","templated":true}]}}