{"id":147387,"date":"2022-05-10T11:02:52","date_gmt":"2022-05-10T15:02:52","guid":{"rendered":"https:\/\/linitiative.ca\/International\/assainissement-lafd-appuie-la-radem-et-la-radeeta\/"},"modified":"2022-05-10T11:02:52","modified_gmt":"2022-05-10T15:02:52","slug":"assainissement-lafd-appuie-la-radem-et-la-radeeta","status":"publish","type":"post","link":"https:\/\/linitiative.ca\/International\/assainissement-lafd-appuie-la-radem-et-la-radeeta\/","title":{"rendered":"Assainissement. L\u2019AFD appuie\u00a0la RADEM et la RADEETA"},"content":{"rendered":"<div><img decoding=\"async\" width=\"800\" height=\"1024\" src=\"https:\/\/linitiative.ca\/International\/wp-content\/uploads\/sites\/23\/2022\/05\/IMG-20220510-WA0138-1.jpg\" class=\"attachment-post-thumbnail size-post-thumbnail wp-post-image\" alt=\"\" loading=\"lazy\" srcset=\"https:\/\/linitiative.ca\/International\/wp-content\/uploads\/sites\/23\/2022\/05\/IMG-20220510-WA0138-1.jpg 800w, https:\/\/www.challenge.ma\/wp-content\/uploads\/2022\/05\/IMG-20220510-WA0138-1-234x300.jpg 234w, https:\/\/www.challenge.ma\/wp-content\/uploads\/2022\/05\/IMG-20220510-WA0138-1-768x983.jpg 768w, https:\/\/www.challenge.ma\/wp-content\/uploads\/2022\/05\/IMG-20220510-WA0138-1-360x461.jpg 360w, https:\/\/www.challenge.ma\/wp-content\/uploads\/2022\/05\/IMG-20220510-WA0138-1-750x960.jpg 750w\" sizes=\"auto, (max-width: 800px) 100vw, 800px\" itemprop=\"image\">Deux conventions de financement ont \u00e9t\u00e9 sign\u00e9es, le 10 mai, par l\u2018Agence fran\u00e7aise de d\u00e9veloppement (AFD), la R\u00e9gie Autonome de Distribution d\u2019Eau et d\u2019Electricit\u00e9 de Mekn\u00e8s (RADEM) et la R\u00e9gie Autonome de Distribution d\u2019Eau et d\u2019Electricit\u00e9 de Taza (RADEETA), pour le renforcement des services d\u2019assainissement et d\u2019eau potable des territoires<\/div>\n<p>Auteur: Roland Amoussou<br \/>\n<a href=\"https:\/\/www.challenge.ma\/assainissement-lafd-appuie-la-radem-et-la-radeeta-238309\/\">Cliquez ici pour lire l&rsquo;article depuis sa source.<\/a><\/p>\n","protected":false},"excerpt":{"rendered":"<p>Deux conventions de financement ont \u00e9t\u00e9 sign\u00e9es, le 10 mai, par l\u2018Agence fran\u00e7aise de d\u00e9veloppement (AFD), la R\u00e9gie Autonome de Distribution d\u2019Eau et d\u2019Electricit\u00e9 de Mekn\u00e8s (RADEM) et la R\u00e9gie Autonome de Distribution d\u2019Eau et d\u2019Electricit\u00e9 de Taza (RADEETA), pour le renforcement des services d\u2019assainissement et d\u2019eau potable des territoires Auteur: Roland Amoussou Cliquez ici [&hellip;]<\/p>\n","protected":false},"author":1787,"featured_media":0,"comment_status":"closed","ping_status":"closed","sticky":false,"template":"","format":"standard","meta":{"fifu_image_url":"https:\/\/www.challenge.ma\/wp-content\/uploads\/2022\/05\/IMG-20220510-WA0138-1.jpg","fifu_image_alt":"Assainissement. L\u2019AFD appuie\u00a0la RADEM et la RADEETA","footnotes":""},"categories":[78,54],"tags":[],"class_list":["post-147387","post","type-post","status-publish","format-standard","hentry","category-economie","category-maroc"],"_links":{"self":[{"href":"https:\/\/linitiative.ca\/International\/wp-json\/wp\/v2\/posts\/147387","targetHints":{"allow":["GET"]}}],"collection":[{"href":"https:\/\/linitiative.ca\/International\/wp-json\/wp\/v2\/posts"}],"about":[{"href":"https:\/\/linitiative.ca\/International\/wp-json\/wp\/v2\/types\/post"}],"author":[{"embeddable":true,"href":"https:\/\/linitiative.ca\/International\/wp-json\/wp\/v2\/users\/1787"}],"replies":[{"embeddable":true,"href":"https:\/\/linitiative.ca\/International\/wp-json\/wp\/v2\/comments?post=147387"}],"version-history":[{"count":0,"href":"https:\/\/linitiative.ca\/International\/wp-json\/wp\/v2\/posts\/147387\/revisions"}],"wp:attachment":[{"href":"https:\/\/linitiative.ca\/International\/wp-json\/wp\/v2\/media?parent=147387"}],"wp:term":[{"taxonomy":"category","embeddable":true,"href":"https:\/\/linitiative.ca\/International\/wp-json\/wp\/v2\/categories?post=147387"},{"taxonomy":"post_tag","embeddable":true,"href":"https:\/\/linitiative.ca\/International\/wp-json\/wp\/v2\/tags?post=147387"}],"curies":[{"name":"wp","href":"https:\/\/api.w.org\/{rel}","templated":true}]}}