{"id":147400,"date":"2022-05-10T08:40:39","date_gmt":"2022-05-10T12:40:39","guid":{"rendered":"https:\/\/linitiative.ca\/International\/maroc-reunion-ministerielle-de-la-coalition-mondiale-contre-daech\/"},"modified":"2022-05-10T08:40:39","modified_gmt":"2022-05-10T12:40:39","slug":"maroc-reunion-ministerielle-de-la-coalition-mondiale-contre-daech","status":"publish","type":"post","link":"https:\/\/linitiative.ca\/International\/maroc-reunion-ministerielle-de-la-coalition-mondiale-contre-daech\/","title":{"rendered":"Maroc\u00a0: R\u00e9union minist\u00e9rielle de la Coalition mondiale contre Daech"},"content":{"rendered":"<div>\n<p>\u00a0<\/p>\n<p>La Coalition mondiale contre Daech va renforcer sa strat\u00e9gie de lutte contre le groupe terroriste. A l\u2019invitation conjointe du ministre des Affaires Etrang\u00e8res, de la Coop\u00e9ration Africaine et des Marocains R\u00e9sidant \u00e0 l\u2019Etranger, Nasser Bourita, et du Secr\u00e9taire d\u2019\u00c9tat am\u00e9ricain, Antony Blinken.11 mai 2022, le Maroc abrite la R\u00e9union minist\u00e9rielle de la Coalition mondiale contre Daech. Cette rencontre mettra l\u2019accent sur la lutte contre Daech en Afrique et \u00a0au Moyen Orient. Les ministres de la Coalition passeront en revue les actions entreprises en termes d\u2019efforts de stabilisation dans les zones pr\u00e9c\u00e9demment impact\u00e9es par Daech, dans le domaine de la communication strat\u00e9gique contre la propagande de radicalisation de ce groupe terroriste et de ses affili\u00e9s, et la lutte contre les combattants terroristes \u00e9trangers. Il sera \u00e9galement question \u00a0de l\u2019Africa Focus Group. Puisqu\u2019il y a juste quelques mois, la Coalition a annonc\u00e9 la cr\u00e9ation de l\u2019Africa Focus Group. Cette \u00e9tape importante devrait \u00eatre suivie, lors de la r\u00e9union de Marrakech, d\u2019orientations additionnelles et de r\u00e9ponses concr\u00e8tes pour faire face \u00e0 la mont\u00e9e du terrorisme en Afrique. La Coalition mondiale contre Daech a \u00e9t\u00e9 cr\u00e9\u00e9e en septembre 2014, afin de lutter contre le groupe terroriste de Daech selon une approche multidisciplinaire, inclusive et holistique entre des pays et des institutions r\u00e9gionales qui veulent endiguer les aspirations expansionnistes du groupe terroriste et d\u00e9manteler ses r\u00e9seaux. La Coalition est compos\u00e9e de 84 Etats et Organisations internationales partenaires appartenant \u00e0 diff\u00e9rentes r\u00e9gions du monde.<\/p>\n<p>\u00a0<\/p>\n<p><strong>sidwaya.info<\/strong><\/p>\n<\/div>\n<p>Auteur: BS. Sidwaya<br \/>\n<a href=\"https:\/\/www.sidwaya.info\/blog\/2022\/05\/10\/maroc-reunion-ministerielle-de-la-coalition-mondiale-contre-daech\/\">Cliquez ici pour lire l&rsquo;article depuis sa source.<\/a><\/p>\n","protected":false},"excerpt":{"rendered":"<p>\u00a0 La Coalition mondiale contre Daech va renforcer sa strat\u00e9gie de lutte contre le groupe terroriste. A l\u2019invitation conjointe du ministre des Affaires Etrang\u00e8res, de la Coop\u00e9ration Africaine et des Marocains R\u00e9sidant \u00e0 l\u2019Etranger, Nasser Bourita, et du Secr\u00e9taire d\u2019\u00c9tat am\u00e9ricain, Antony Blinken.11 mai 2022, le Maroc abrite la R\u00e9union minist\u00e9rielle de la Coalition mondiale [&hellip;]<\/p>\n","protected":false},"author":1816,"featured_media":0,"comment_status":"closed","ping_status":"closed","sticky":false,"template":"","format":"standard","meta":{"fifu_image_url":"","fifu_image_alt":"","footnotes":""},"categories":[73,81],"tags":[],"class_list":["post-147400","post","type-post","status-publish","format-standard","hentry","category-actualite","category-burkina-faso"],"_links":{"self":[{"href":"https:\/\/linitiative.ca\/International\/wp-json\/wp\/v2\/posts\/147400","targetHints":{"allow":["GET"]}}],"collection":[{"href":"https:\/\/linitiative.ca\/International\/wp-json\/wp\/v2\/posts"}],"about":[{"href":"https:\/\/linitiative.ca\/International\/wp-json\/wp\/v2\/types\/post"}],"author":[{"embeddable":true,"href":"https:\/\/linitiative.ca\/International\/wp-json\/wp\/v2\/users\/1816"}],"replies":[{"embeddable":true,"href":"https:\/\/linitiative.ca\/International\/wp-json\/wp\/v2\/comments?post=147400"}],"version-history":[{"count":0,"href":"https:\/\/linitiative.ca\/International\/wp-json\/wp\/v2\/posts\/147400\/revisions"}],"wp:attachment":[{"href":"https:\/\/linitiative.ca\/International\/wp-json\/wp\/v2\/media?parent=147400"}],"wp:term":[{"taxonomy":"category","embeddable":true,"href":"https:\/\/linitiative.ca\/International\/wp-json\/wp\/v2\/categories?post=147400"},{"taxonomy":"post_tag","embeddable":true,"href":"https:\/\/linitiative.ca\/International\/wp-json\/wp\/v2\/tags?post=147400"}],"curies":[{"name":"wp","href":"https:\/\/api.w.org\/{rel}","templated":true}]}}