{"id":147410,"date":"2022-05-10T12:18:04","date_gmt":"2022-05-10T16:18:04","guid":{"rendered":"https:\/\/linitiative.ca\/International\/omvs-une-capacite-hydroelectrique-de-400-mw-commissaire\/"},"modified":"2022-05-10T12:18:04","modified_gmt":"2022-05-10T16:18:04","slug":"omvs-une-capacite-hydroelectrique-de-400-mw-commissaire","status":"publish","type":"post","link":"https:\/\/linitiative.ca\/International\/omvs-une-capacite-hydroelectrique-de-400-mw-commissaire\/","title":{"rendered":"OMVS : une capacit\u00e9 hydro\u00e9lectrique de 400 MW (commissaire)"},"content":{"rendered":"<div>\n<p><img decoding=\"async\" width=\"680\" height=\"440\" src=\"https:\/\/linitiative.ca\/International\/wp-content\/uploads\/sites\/23\/2022\/05\/16521994847170.jpg\" class=\"attachment-post-thumbnail size-post-thumbnail wp-post-image\" alt=\"\" loading=\"lazy\" srcset=\"https:\/\/linitiative.ca\/International\/wp-content\/uploads\/sites\/23\/2022\/05\/16521994847170.jpg 680w, https:\/\/www.journalducameroun.com\/wp-content\/uploads\/2022\/05\/16521994847170-300x194.jpg 300w, https:\/\/www.journalducameroun.com\/wp-content\/uploads\/2022\/05\/16521994847170-600x388.jpg 600w\" sizes=\"auto, (max-width: 680px) 100vw, 680px\"><\/p>\n<p>L&rsquo;offre d&rsquo;\u00e9nergie de l&rsquo;Organisation pour la Mise en Valeur du fleuve S\u00e9n\u00e9gal (OMVS) a permis de r\u00e9duire consid\u00e9rablement la production thermique tr\u00e8s co\u00fbteuse.En Afrique de l&rsquo;Ouest, les pays font face \u00e0 d&rsquo;importants d\u00e9fis agricoles et \u00e9nerg\u00e9tiques. Pour leur venir en aide l&rsquo;OMVS a construit quatre barrages hydro\u00e9lectriques (Diama, Manantali, F\u00e9lou et Gouina).<\/p>\n<p>\u00ab Avec les am\u00e9nagements hydro\u00e9lectriques, la puissance install\u00e9e est de 400 MW dont 200 MW en provenance de Manantali, 60 MW de F\u00e9lou et 140 MW de Gouina\u00a0\u00bb, a expliqu\u00e9 Hamed Dian\u00e9 S\u00e9m\u00e9ga, Haut-Commissaire de l&rsquo;OMVS.<\/p>\n<p>Il s&rsquo;exprimait ce mardi \u00e0 Dakar au cours d&rsquo;une conf\u00e9rence de presse de pr\u00e9sentation du Grand Prix Hassan II pour l&rsquo;eau d\u00e9cern\u00e9 \u00e0 l&rsquo;OMVS lors du 9e Forum mondial de l&rsquo;eau tenu \u00e0 Dakar du 21 au 26 mars 2022.<\/p>\n<p>De l&rsquo;avis de M. S\u00e9m\u00e9ga, ces barrages et lignes de transport de l&rsquo;\u00e9nergie \u00e9lectrique ont contribu\u00e9 \u00e0 l&rsquo;am\u00e9lioration de la qualit\u00e9 et de la continuit\u00e9 de la fourniture d&rsquo;\u00e9lectricit\u00e9 au Mali, en Mauritanie et au S\u00e9n\u00e9gal. Ces trois pays constituent, avec la Guin\u00e9e, les membres de cette organisation r\u00e9gionale.<\/p>\n<p>\u00ab Ils ont permis d&rsquo;assurer la couverture de 40 \u00e0 50% des besoins en \u00e9lectricit\u00e9 du Mali, 20 \u00e0 30% pour ceux de la Mauritanie et 10 \u00e0 12% des besoins en \u00e9lectricit\u00e9 du S\u00e9n\u00e9gal \u00bb, a poursuivi Hamed Dian\u00e9 S\u00e9m\u00e9ga.<\/p>\n<p>Il a soulign\u00e9 que ces infrastructures ont aussi permis aux pays membres d&rsquo;\u00e9conomiser un milliard de dollar US en 14 ans et qui aurait d\u00fb \u00eatre d\u00e9pens\u00e9 dans la production thermique d&rsquo;\u00e9lectricit\u00e9.<\/p>\n<p>Revenant sur le Grand Prix Hassan II pour l&rsquo;eau qu&rsquo;il consid\u00e8re comme le \u00ab Nobel de l&rsquo;eau \u00bb, il a soutenu que l&rsquo;OMVS le m\u00e9rite car elle s&rsquo;est positionn\u00e9e comme \u00ab un facteur de stabilit\u00e9, de d\u00e9veloppement, de construction de la paix \u00bb et comme \u00ab un mod\u00e8le qui fonctionne et qui donne tort aux afro-pessimistes \u00bb.<\/p>\n<p>Pour Hassan Naciri, ambassadeur du Maroc au S\u00e9n\u00e9gal, la distinction de l&rsquo;OMVS est l&rsquo;aboutissement \u00ab d&rsquo;un travail tr\u00e8s rigoureux men\u00e9 avec des recherches, des \u00e9valuations et des d\u00e9placements \u00bb.<\/p>\n<p>\u00ab L&rsquo;OMVS n&rsquo;a pas \u00e9t\u00e9 distingu\u00e9e fortuitement. Elle participe \u00e0 tous les efforts de d\u00e9veloppement humains dans les Etats membres. C&rsquo;est une belle aventure qui renforce les liens d\u00e9j\u00e0 existants entre les peuples gr\u00e2ce \u00e0 la gestion paisible de l&rsquo;eau du fleuve S\u00e9n\u00e9gal \u00bb, a dit le diplomate marocain.<\/p>\n<p>Cet article <a rel=\"nofollow\" href=\"https:\/\/www.journalducameroun.com\/omvs-une-capacite-hydroelectrique-de-400-mw-commissaire\/\">OMVS : une capacit\u00e9 hydro\u00e9lectrique de 400 MW (commissaire)<\/a> est apparu en premier sur <a rel=\"nofollow\" href=\"https:\/\/www.journalducameroun.com\/\">Journal du Cameroun<\/a>.<\/p>\n<\/div>\n<p>Auteur: APA News<br \/>\n<a href=\"https:\/\/www.journalducameroun.com\/omvs-une-capacite-hydroelectrique-de-400-mw-commissaire\/\">Cliquez ici pour lire l&rsquo;article depuis sa source.<\/a><\/p>\n","protected":false},"excerpt":{"rendered":"<p>L&rsquo;offre d&rsquo;\u00e9nergie de l&rsquo;Organisation pour la Mise en Valeur du fleuve S\u00e9n\u00e9gal (OMVS) a permis de r\u00e9duire consid\u00e9rablement la production thermique tr\u00e8s co\u00fbteuse.En Afrique de l&rsquo;Ouest, les pays font face \u00e0 d&rsquo;importants d\u00e9fis agricoles et \u00e9nerg\u00e9tiques. Pour leur venir en aide l&rsquo;OMVS a construit quatre barrages hydro\u00e9lectriques (Diama, Manantali, F\u00e9lou et Gouina). \u00ab Avec les [&hellip;]<\/p>\n","protected":false},"author":1965,"featured_media":0,"comment_status":"closed","ping_status":"closed","sticky":false,"template":"","format":"standard","meta":{"fifu_image_url":"https:\/\/www.journalducameroun.com\/wp-content\/uploads\/2022\/05\/16521994847170.jpg","fifu_image_alt":"OMVS : une capacit\u00e9 hydro\u00e9lectrique de 400 MW (commissaire)","footnotes":""},"categories":[73,82],"tags":[],"class_list":["post-147410","post","type-post","status-publish","format-standard","hentry","category-actualite","category-cameroun"],"_links":{"self":[{"href":"https:\/\/linitiative.ca\/International\/wp-json\/wp\/v2\/posts\/147410","targetHints":{"allow":["GET"]}}],"collection":[{"href":"https:\/\/linitiative.ca\/International\/wp-json\/wp\/v2\/posts"}],"about":[{"href":"https:\/\/linitiative.ca\/International\/wp-json\/wp\/v2\/types\/post"}],"author":[{"embeddable":true,"href":"https:\/\/linitiative.ca\/International\/wp-json\/wp\/v2\/users\/1965"}],"replies":[{"embeddable":true,"href":"https:\/\/linitiative.ca\/International\/wp-json\/wp\/v2\/comments?post=147410"}],"version-history":[{"count":0,"href":"https:\/\/linitiative.ca\/International\/wp-json\/wp\/v2\/posts\/147410\/revisions"}],"wp:attachment":[{"href":"https:\/\/linitiative.ca\/International\/wp-json\/wp\/v2\/media?parent=147410"}],"wp:term":[{"taxonomy":"category","embeddable":true,"href":"https:\/\/linitiative.ca\/International\/wp-json\/wp\/v2\/categories?post=147410"},{"taxonomy":"post_tag","embeddable":true,"href":"https:\/\/linitiative.ca\/International\/wp-json\/wp\/v2\/tags?post=147410"}],"curies":[{"name":"wp","href":"https:\/\/api.w.org\/{rel}","templated":true}]}}