{"id":147412,"date":"2022-05-10T12:18:05","date_gmt":"2022-05-10T16:18:05","guid":{"rendered":"https:\/\/linitiative.ca\/International\/senegal-acces-veut-accroitre-le-financement-des-pme\/"},"modified":"2022-05-10T12:18:05","modified_gmt":"2022-05-10T16:18:05","slug":"senegal-acces-veut-accroitre-le-financement-des-pme","status":"publish","type":"post","link":"https:\/\/linitiative.ca\/International\/senegal-acces-veut-accroitre-le-financement-des-pme\/","title":{"rendered":"S\u00e9n\u00e9gal : \u00ab Acc\u00e8s \u00bb veut accroitre le financement des PME"},"content":{"rendered":"<div>\n<p><img decoding=\"async\" width=\"2048\" height=\"1364\" src=\"https:\/\/linitiative.ca\/International\/wp-content\/uploads\/sites\/23\/2022\/05\/16521994858958.jpg\" class=\"attachment-post-thumbnail size-post-thumbnail wp-post-image\" alt=\"\" loading=\"lazy\" srcset=\"https:\/\/linitiative.ca\/International\/wp-content\/uploads\/sites\/23\/2022\/05\/16521994858958.jpg 2048w, https:\/\/www.journalducameroun.com\/wp-content\/uploads\/2022\/05\/16521994858958-300x200.jpg 300w, https:\/\/www.journalducameroun.com\/wp-content\/uploads\/2022\/05\/16521994858958-1024x682.jpg 1024w, https:\/\/www.journalducameroun.com\/wp-content\/uploads\/2022\/05\/16521994858958-768x512.jpg 768w, https:\/\/www.journalducameroun.com\/wp-content\/uploads\/2022\/05\/16521994858958-1536x1023.jpg 1536w, https:\/\/www.journalducameroun.com\/wp-content\/uploads\/2022\/05\/16521994858958-661x440.jpg 661w, https:\/\/www.journalducameroun.com\/wp-content\/uploads\/2022\/05\/16521994858958-600x400.jpg 600w\" sizes=\"auto, (max-width: 2048px) 100vw, 2048px\"><\/p>\n<p>L&rsquo;initiative lanc\u00e9e lundi soir par la Coop\u00e9ration allemande (GIZ) et l&rsquo;Agence de d\u00e9veloppement et d&rsquo;encadrement des petites et moyennes entreprises (ADEPME) vise \u00e0 faciliter l&rsquo;\u00e9ligibilit\u00e9 des start-ups aux offres d&rsquo;investissements.Au S\u00e9n\u00e9gal, les petites et moyennes entreprises (PME) repr\u00e9sentent 98 % du tissu \u00e9conomique selon l&rsquo;Agence nationale de la statistique et de la d\u00e9mographie (Ansd). N\u00e9anmoins, d\u00e9plore la Banque centrale des \u00c9tats de l&rsquo;Afrique de l&rsquo;Ouest (Bceao), elles ne b\u00e9n\u00e9ficient que de 9 % des cr\u00e9dits accord\u00e9s aux entreprises.<\/p>\n<p>Pour les institutions financi\u00e8res, la longue proc\u00e9dure de traitement des demandes des PME et son co\u00fbt \u00e9lev\u00e9 sont les principaux obstacles \u00e9voqu\u00e9s. Les entreprises quant \u00e0 elles ne se retrouvent pas facilement dans la multitude d&rsquo;offres propos\u00e9es.<\/p>\n<p>C&rsquo;est pourquoi, l&rsquo;objectif d&rsquo;\u00ab Acc\u00e8s \u00bb dot\u00e9 d&rsquo;un budget de 5,2 milliards CFA, est ainsi de rapprocher plus facilement les PME et les institutions financi\u00e8res, afin que d&rsquo;une part, un plus grand nombre d&rsquo;entreprises acc\u00e8dent \u00e0 un appui financier et que, d&rsquo;autre part, les \u00e9tablissements financiers puissent d\u00e9velopper durablement leurs services aux PME.<\/p>\n<p>Selon le pr\u00e9sident de l&rsquo;Association professionnelle de banques et \u00e9tablissements financiers du S\u00e9n\u00e9gal (APBEFS), Mamadou Bocar Sy, au 31 d\u00e9cembre 2021, les banques s\u00e9n\u00e9galaises ont octroy\u00e9 8.685 milliards de FCFA de cr\u00e9dits dont 6 106 milliards de FCFA.<\/p>\n<p>\u00ab Ces chiffres montrent \u00f4 combien le volume des investissements accord\u00e9s est important, mais \u00e9galement font \u00e9tat d&rsquo;un d\u00e9ficit de paiement estim\u00e9 \u00e0 700 milliards de FCFA, alors que ce montant pouvait assurer le financement des PME \u00bb, s&rsquo;est d\u00e9sol\u00e9 M. Sy.<\/p>\n<p>D&rsquo;o\u00f9 la n\u00e9cessit\u00e9 pour le Directeur national de la Bceao, Ahmadou Al Amine L\u00f4, \u00ab de favoriser l&rsquo;accroissement de l&rsquo;encours cr\u00e9dit qui demeure encore modeste dans le portefeuille du syst\u00e8me bancaire et financier, comparativement \u00e0 d&rsquo;autres pays en d\u00e9veloppement \u00bb. A l&rsquo;en croire, les d\u00e9fis majeurs portent surtout sur l&rsquo;accroissement des PME financ\u00e9es et ayant proc\u00e9d\u00e9 au remboursement de leurs dettes.<\/p>\n<p>Pour mener \u00e0 bien le projet \u00ab Acc\u00e8s \u00bb, l&rsquo;ADEPME et la GIZ ont mis en place la premi\u00e8re Acad\u00e9mie de financement des PME en Afrique. Elle formera 300 acteurs du secteur devant assister les jeunes pousses de l&rsquo;\u00e9conomie nationale dans leur d\u00e9veloppement.<\/p>\n<p>Cet article <a rel=\"nofollow\" href=\"https:\/\/www.journalducameroun.com\/senegal-acces-veut-accroitre-le-financement-des-pme\/\">S\u00e9n\u00e9gal : \u00ab Acc\u00e8s \u00bb veut accroitre le financement des PME<\/a> est apparu en premier sur <a rel=\"nofollow\" href=\"https:\/\/www.journalducameroun.com\/\">Journal du Cameroun<\/a>.<\/p>\n<\/div>\n<p>Auteur: APA News<br \/>\n<a href=\"https:\/\/www.journalducameroun.com\/senegal-acces-veut-accroitre-le-financement-des-pme\/\">Cliquez ici pour lire l&rsquo;article depuis sa source.<\/a><\/p>\n","protected":false},"excerpt":{"rendered":"<p>L&rsquo;initiative lanc\u00e9e lundi soir par la Coop\u00e9ration allemande (GIZ) et l&rsquo;Agence de d\u00e9veloppement et d&rsquo;encadrement des petites et moyennes entreprises (ADEPME) vise \u00e0 faciliter l&rsquo;\u00e9ligibilit\u00e9 des start-ups aux offres d&rsquo;investissements.Au S\u00e9n\u00e9gal, les petites et moyennes entreprises (PME) repr\u00e9sentent 98 % du tissu \u00e9conomique selon l&rsquo;Agence nationale de la statistique et de la d\u00e9mographie (Ansd). N\u00e9anmoins, [&hellip;]<\/p>\n","protected":false},"author":1965,"featured_media":0,"comment_status":"closed","ping_status":"closed","sticky":false,"template":"","format":"standard","meta":{"fifu_image_url":"https:\/\/www.journalducameroun.com\/wp-content\/uploads\/2022\/05\/16521994858958.jpg","fifu_image_alt":"S\u00e9n\u00e9gal : \u00ab Acc\u00e8s \u00bb veut accroitre le financement des PME","footnotes":""},"categories":[73,82],"tags":[],"class_list":["post-147412","post","type-post","status-publish","format-standard","hentry","category-actualite","category-cameroun"],"_links":{"self":[{"href":"https:\/\/linitiative.ca\/International\/wp-json\/wp\/v2\/posts\/147412","targetHints":{"allow":["GET"]}}],"collection":[{"href":"https:\/\/linitiative.ca\/International\/wp-json\/wp\/v2\/posts"}],"about":[{"href":"https:\/\/linitiative.ca\/International\/wp-json\/wp\/v2\/types\/post"}],"author":[{"embeddable":true,"href":"https:\/\/linitiative.ca\/International\/wp-json\/wp\/v2\/users\/1965"}],"replies":[{"embeddable":true,"href":"https:\/\/linitiative.ca\/International\/wp-json\/wp\/v2\/comments?post=147412"}],"version-history":[{"count":0,"href":"https:\/\/linitiative.ca\/International\/wp-json\/wp\/v2\/posts\/147412\/revisions"}],"wp:attachment":[{"href":"https:\/\/linitiative.ca\/International\/wp-json\/wp\/v2\/media?parent=147412"}],"wp:term":[{"taxonomy":"category","embeddable":true,"href":"https:\/\/linitiative.ca\/International\/wp-json\/wp\/v2\/categories?post=147412"},{"taxonomy":"post_tag","embeddable":true,"href":"https:\/\/linitiative.ca\/International\/wp-json\/wp\/v2\/tags?post=147412"}],"curies":[{"name":"wp","href":"https:\/\/api.w.org\/{rel}","templated":true}]}}