{"id":147424,"date":"2022-05-11T09:00:21","date_gmt":"2022-05-11T13:00:21","guid":{"rendered":"https:\/\/linitiative.ca\/International\/les-ventes-du-neuf-en-baisse-de-1541-au-mois-davril-2022\/"},"modified":"2022-05-11T09:00:21","modified_gmt":"2022-05-11T13:00:21","slug":"les-ventes-du-neuf-en-baisse-de-1541-au-mois-davril-2022","status":"publish","type":"post","link":"https:\/\/linitiative.ca\/International\/les-ventes-du-neuf-en-baisse-de-1541-au-mois-davril-2022\/","title":{"rendered":"Les ventes du neuf en baisse de 15,41%  au mois d\u2019avril 2022"},"content":{"rendered":"<div>\n<p><img decoding=\"async\" width=\"300\" height=\"153\" src=\"https:\/\/linitiative.ca\/International\/wp-content\/uploads\/sites\/23\/2022\/05\/segment-du-luxe-300x153-1.png\" class=\"attachment-medium size-medium wp-post-image\" alt=\"\" loading=\"lazy\" srcset=\"https:\/\/linitiative.ca\/International\/wp-content\/uploads\/sites\/23\/2022\/05\/segment-du-luxe-300x153-1.png 300w, https:\/\/aujourdhui.ma\/wp-content\/uploads\/2022\/05\/segment-du-luxe-274x140.png 274w, https:\/\/aujourdhui.ma\/wp-content\/uploads\/2022\/05\/segment-du-luxe.png 746w, https:\/\/aujourdhui.ma\/wp-content\/uploads\/2022\/05\/segment-du-luxe-165x84.png 165w, https:\/\/aujourdhui.ma\/wp-content\/uploads\/2022\/05\/segment-du-luxe-702x358.png 702w\" sizes=\"auto, (max-width: 300px) 100vw, 300px\"><\/p>\n<p><span style=\"color: #800000;\"><strong>Seul le segment du luxe tire son \u00e9pingle du jeu<\/strong><\/span><span id=\"more-407488\"><\/span><\/p>\n<p>Le march\u00e9 de l\u2019automobile n\u2019est pas au mieux de sa forme durant l\u2019ann\u00e9e 2022. En t\u00e9moignent les statistiques de l\u2019Association des importateurs de v\u00e9hicules du Maroc (AIVAM) au titre du quatri\u00e8me mois de 2022 qui d\u00e9voile une baisse de 15,41% au mois d\u2019avril 2022 par rapport \u00e0 la m\u00eame p\u00e9riode en 2021. Ainsi, on compte \u00e0 12.513 le nombre de v\u00e9hicules vendus sur cette p\u00e9riode contre 14.793 au cours du mois d\u2019avril 2021.<\/p>\n<p>Par segment, les v\u00e9hicules particuliers (VP) affichent une baisse de 14,44% avec 11.171 unit\u00e9s \u00e9coul\u00e9es durant ce m\u00eame mois contre 13.056 en avril 2021. Du c\u00f4t\u00e9 des v\u00e9hicules utilitaires l\u00e9gers (VUL), les ventes sont en retrait de 22,74%, soit 1.342 ventes r\u00e9alis\u00e9es en avril 2022 contre 1.737 immatriculations enregistr\u00e9es \u00e0 la m\u00eame p\u00e9riode de l\u2019ann\u00e9e 2021. Cette baisse g\u00e9n\u00e9rale se fait \u00e9galement sentir \u00e0 fin avril 2022. Ainsi, les ventes r\u00e9gressent de 8,56% durant les quatre premiers mois de l\u2019ann\u00e9e en cours comparativement \u00e0 l\u2019ann\u00e9e derni\u00e8re. Les VP affichent une baisse de 7,74% avec 48.148 unit\u00e9s \u00e9coul\u00e9es \u00e0 fin avril 2022 contre 52.185 \u00e0 la m\u00eame p\u00e9riode en 2021. Les VUL ne d\u00e9rogent pas \u00e0 cette baisse avec 5.767 ventes r\u00e9alis\u00e9es contre 6.771 \u00e0 la m\u00eame date en 2021. Elles sont en recul de 14,87%.<\/p>\n<p>Par marque, le trio de t\u00eate est occup\u00e9 respectivement par Dacia, Renault et Hyundai. Ainsi, la marque franco-roumaine a \u00e9coul\u00e9 12.874 unit\u00e9s au cours des quatre premiers mois de l\u2019ann\u00e9e 2022 contre 15.151 \u00e0 fin avril 2021 enregistrant une diminution de 15,03% et une part de march\u00e9 de 26,74%. En deuxi\u00e8me place on retrouve Renault dont les ventes s\u2019\u00e9l\u00e8vent \u00e0 6.938 v\u00e9hicules \u00e0 fin avril 2022 contre 6.988 \u00e0 la m\u00eame p\u00e9riode en 2021, r\u00e9alisant une tr\u00e8s l\u00e9g\u00e8re baisse (- 0,72%). La troisi\u00e8me place est occup\u00e9e par Hyundai qui affiche une belle performance avec une hausse de 21,56% de ses ventes \u00e0 fin avril 2022.<\/p>\n<p>Elle a \u00e9coul\u00e9 5.210 unit\u00e9s durant les quatre premiers mois de l\u2019ann\u00e9e en cours contre 4.286 \u00e0 la m\u00eame date de l\u2019ann\u00e9e pass\u00e9e. Contrairement \u00e0 la tendance baissi\u00e8re du march\u00e9 global, les v\u00e9hicules de luxe s\u2019en sortent bien. Les trois premi\u00e8res marches du podium sont occup\u00e9es respectivement par les marques allemandes Audi, Mercedes et BMW. Dans ce classement, la marque aux anneaux affiche une croissance de 18,11% avec des ventes qui atteignent 1.441 VP durant les quatre premiers mois contre 1.220 \u00e0 la m\u00eame p\u00e9riode de 2021.<\/p>\n<p>Sa part de march\u00e9 est de 2,99%. Elle est suivie en termes de ventes par Mercedes avec 983 VP vendus \u00e0 fin avril 2022 contre 950 \u00e0 fin avril 2021 r\u00e9alisant une hausse de 3,47%. Mercedes occupe une part de march\u00e9 de 2,07%. Enfin, la troisi\u00e8me place revient \u00e0 BMW. Celle-ci a vendu 910 voitures \u00e0 fin avril 2022 contre 1.085, soit en recul de 16,13%. Sa part de march\u00e9 est de 1,89%.<\/p>\n<\/div>\n<p>Auteur: ALM<br \/>\n<a href=\"https:\/\/aujourdhui.ma\/automobile\/les-ventes-du-neuf-en-baisse-de-1541-au-mois-davril-2022\">Cliquez ici pour lire l&rsquo;article depuis sa source.<\/a><\/p>\n","protected":false},"excerpt":{"rendered":"<p>Seul le segment du luxe tire son \u00e9pingle du jeu Le march\u00e9 de l\u2019automobile n\u2019est pas au mieux de sa forme durant l\u2019ann\u00e9e 2022. En t\u00e9moignent les statistiques de l\u2019Association des importateurs de v\u00e9hicules du Maroc (AIVAM) au titre du quatri\u00e8me mois de 2022 qui d\u00e9voile une baisse de 15,41% au mois d\u2019avril 2022 par [&hellip;]<\/p>\n","protected":false},"author":1759,"featured_media":0,"comment_status":"closed","ping_status":"closed","sticky":false,"template":"","format":"standard","meta":{"fifu_image_url":"https:\/\/aujourdhui.ma\/wp-content\/uploads\/2022\/05\/segment-du-luxe-300x153.png","fifu_image_alt":"Les ventes du neuf en baisse de 15,41%  au mois d\u2019avril 2022","footnotes":""},"categories":[73,54],"tags":[],"class_list":["post-147424","post","type-post","status-publish","format-standard","hentry","category-actualite","category-maroc"],"_links":{"self":[{"href":"https:\/\/linitiative.ca\/International\/wp-json\/wp\/v2\/posts\/147424","targetHints":{"allow":["GET"]}}],"collection":[{"href":"https:\/\/linitiative.ca\/International\/wp-json\/wp\/v2\/posts"}],"about":[{"href":"https:\/\/linitiative.ca\/International\/wp-json\/wp\/v2\/types\/post"}],"author":[{"embeddable":true,"href":"https:\/\/linitiative.ca\/International\/wp-json\/wp\/v2\/users\/1759"}],"replies":[{"embeddable":true,"href":"https:\/\/linitiative.ca\/International\/wp-json\/wp\/v2\/comments?post=147424"}],"version-history":[{"count":0,"href":"https:\/\/linitiative.ca\/International\/wp-json\/wp\/v2\/posts\/147424\/revisions"}],"wp:attachment":[{"href":"https:\/\/linitiative.ca\/International\/wp-json\/wp\/v2\/media?parent=147424"}],"wp:term":[{"taxonomy":"category","embeddable":true,"href":"https:\/\/linitiative.ca\/International\/wp-json\/wp\/v2\/categories?post=147424"},{"taxonomy":"post_tag","embeddable":true,"href":"https:\/\/linitiative.ca\/International\/wp-json\/wp\/v2\/tags?post=147424"}],"curies":[{"name":"wp","href":"https:\/\/api.w.org\/{rel}","templated":true}]}}