{"id":147426,"date":"2022-05-11T09:57:36","date_gmt":"2022-05-11T13:57:36","guid":{"rendered":"https:\/\/linitiative.ca\/International\/20eme-ficam-un-bel-anniversaire\/"},"modified":"2022-05-11T09:57:36","modified_gmt":"2022-05-11T13:57:36","slug":"20eme-ficam-un-bel-anniversaire","status":"publish","type":"post","link":"https:\/\/linitiative.ca\/International\/20eme-ficam-un-bel-anniversaire\/","title":{"rendered":"20\u00e8me Ficam: Un bel anniversaire !"},"content":{"rendered":"<div>\n<p><img decoding=\"async\" width=\"300\" height=\"153\" src=\"https:\/\/linitiative.ca\/International\/wp-content\/uploads\/sites\/23\/2022\/05\/Ficam-Ouidad-Chraibi-et-Abla-Ammor-300x153-1.jpg\" class=\"attachment-medium size-medium wp-post-image\" alt=\"\" loading=\"lazy\" srcset=\"https:\/\/linitiative.ca\/International\/wp-content\/uploads\/sites\/23\/2022\/05\/Ficam-Ouidad-Chraibi-et-Abla-Ammor-300x153-1.jpg 300w, https:\/\/aujourdhui.ma\/wp-content\/uploads\/2022\/05\/Ficam-Ouidad-Chraibi-et-Abla-Ammor-274x140.jpg 274w, https:\/\/aujourdhui.ma\/wp-content\/uploads\/2022\/05\/Ficam-Ouidad-Chraibi-et-Abla-Ammor.jpg 746w, https:\/\/aujourdhui.ma\/wp-content\/uploads\/2022\/05\/Ficam-Ouidad-Chraibi-et-Abla-Ammor-165x84.jpg 165w, https:\/\/aujourdhui.ma\/wp-content\/uploads\/2022\/05\/Ficam-Ouidad-Chraibi-et-Abla-Ammor-702x358.jpg 702w\" sizes=\"auto, (max-width: 300px) 100vw, 300px\"><\/p>\n<p><span style=\"font-size: 20px; color: #800000;\"><strong>La directrice du Ficam, Ouidad Chraibi, \u00e9galement secr\u00e9taire g\u00e9n\u00e9rale de la fondation Aicha, initiatrice du festival s\u2019exprime sur cet \u00e9v\u00e9nement appr\u00e9ci\u00e9 des petits et grands.<\/strong> <\/span><span id=\"more-407509\"><\/span><\/p>\n<p>Pour elle, cette 20\u00e8me \u00e9dition qui se poursuit jusqu\u2019au 11 mai est \u00abun bel anniversaire!\u00bb. Une manifestation qui se tient apr\u00e8s deux ans d\u2019absence de par le Covid. Pendant ce temps, Mme Chraibi et sa structure ne se reposent pas sur leurs lauriers.<\/p>\n<p>Le tout en mettant en avant le travail fait avec l\u2019agence de communication qui a collabor\u00e9 \u00e0 fond \u00e0 ce festival, et \u00e0 sa t\u00eate sa directrice g\u00e9n\u00e9rale, Abla Ammor, qui ne manque pas d\u2019exprimer sa fiert\u00e9 du Ficam.<\/p>\n<p><span style=\"font-size: 22px;\"><strong>Reportage Chafik Arich<\/strong><\/span><\/p>\n<\/div>\n<p>Auteur: ALM<br \/>\n<a href=\"https:\/\/aujourdhui.ma\/videos\/20eme-ficam-un-bel-anniversaire\">Cliquez ici pour lire l&rsquo;article depuis sa source.<\/a><\/p>\n","protected":false},"excerpt":{"rendered":"<p>La directrice du Ficam, Ouidad Chraibi, \u00e9galement secr\u00e9taire g\u00e9n\u00e9rale de la fondation Aicha, initiatrice du festival s\u2019exprime sur cet \u00e9v\u00e9nement appr\u00e9ci\u00e9 des petits et grands. Pour elle, cette 20\u00e8me \u00e9dition qui se poursuit jusqu\u2019au 11 mai est \u00abun bel anniversaire!\u00bb. Une manifestation qui se tient apr\u00e8s deux ans d\u2019absence de par le Covid. Pendant ce [&hellip;]<\/p>\n","protected":false},"author":1759,"featured_media":0,"comment_status":"closed","ping_status":"closed","sticky":false,"template":"","format":"standard","meta":{"fifu_image_url":"https:\/\/aujourdhui.ma\/wp-content\/uploads\/2022\/05\/Ficam-Ouidad-Chraibi-et-Abla-Ammor-300x153.jpg","fifu_image_alt":"20\u00e8me Ficam: Un bel anniversaire !","footnotes":""},"categories":[73,54],"tags":[],"class_list":["post-147426","post","type-post","status-publish","format-standard","hentry","category-actualite","category-maroc"],"_links":{"self":[{"href":"https:\/\/linitiative.ca\/International\/wp-json\/wp\/v2\/posts\/147426","targetHints":{"allow":["GET"]}}],"collection":[{"href":"https:\/\/linitiative.ca\/International\/wp-json\/wp\/v2\/posts"}],"about":[{"href":"https:\/\/linitiative.ca\/International\/wp-json\/wp\/v2\/types\/post"}],"author":[{"embeddable":true,"href":"https:\/\/linitiative.ca\/International\/wp-json\/wp\/v2\/users\/1759"}],"replies":[{"embeddable":true,"href":"https:\/\/linitiative.ca\/International\/wp-json\/wp\/v2\/comments?post=147426"}],"version-history":[{"count":0,"href":"https:\/\/linitiative.ca\/International\/wp-json\/wp\/v2\/posts\/147426\/revisions"}],"wp:attachment":[{"href":"https:\/\/linitiative.ca\/International\/wp-json\/wp\/v2\/media?parent=147426"}],"wp:term":[{"taxonomy":"category","embeddable":true,"href":"https:\/\/linitiative.ca\/International\/wp-json\/wp\/v2\/categories?post=147426"},{"taxonomy":"post_tag","embeddable":true,"href":"https:\/\/linitiative.ca\/International\/wp-json\/wp\/v2\/tags?post=147426"}],"curies":[{"name":"wp","href":"https:\/\/api.w.org\/{rel}","templated":true}]}}