{"id":147439,"date":"2022-05-11T10:30:58","date_gmt":"2022-05-11T14:30:58","guid":{"rendered":"https:\/\/linitiative.ca\/International\/projection-en-avant-premiere-de-la-comedie-al-ikhwan\/"},"modified":"2022-05-11T10:30:58","modified_gmt":"2022-05-11T14:30:58","slug":"projection-en-avant-premiere-de-la-comedie-al-ikhwan","status":"publish","type":"post","link":"https:\/\/linitiative.ca\/International\/projection-en-avant-premiere-de-la-comedie-al-ikhwan\/","title":{"rendered":"Projection en avant-premi\u00e8re de la com\u00e9die \u00abAl Ikhwan\u00bb"},"content":{"rendered":"<div>\n<p><img decoding=\"async\" width=\"300\" height=\"153\" src=\"https:\/\/linitiative.ca\/International\/wp-content\/uploads\/sites\/23\/2022\/05\/Projection-en-avant-premiere-de-la-comedie-Al-Ikhwan-300x153-1.png\" class=\"attachment-medium size-medium wp-post-image\" alt=\"\" loading=\"lazy\" srcset=\"https:\/\/linitiative.ca\/International\/wp-content\/uploads\/sites\/23\/2022\/05\/Projection-en-avant-premiere-de-la-comedie-Al-Ikhwan-300x153-1.png 300w, https:\/\/aujourdhui.ma\/wp-content\/uploads\/2022\/05\/Projection-en-avant-premiere-de-la-comedie-Al-Ikhwan-274x140.png 274w, https:\/\/aujourdhui.ma\/wp-content\/uploads\/2022\/05\/Projection-en-avant-premiere-de-la-comedie-Al-Ikhwan.png 746w, https:\/\/aujourdhui.ma\/wp-content\/uploads\/2022\/05\/Projection-en-avant-premiere-de-la-comedie-Al-Ikhwan-165x84.png 165w, https:\/\/aujourdhui.ma\/wp-content\/uploads\/2022\/05\/Projection-en-avant-premiere-de-la-comedie-Al-Ikhwan-702x358.png 702w\" sizes=\"auto, (max-width: 300px) 100vw, 300px\"><\/p>\n<p><span style=\"color: #800000;\"><strong>La nouvelle com\u00e9die \u00abAl Ikhwan\u00bb, dont la sortie officielle est pr\u00e9vue ce 11 mai, a \u00e9t\u00e9 projet\u00e9e lundi dernier en avant-premi\u00e8re au M\u00e9garama de Casablanca.<\/strong><\/span><span id=\"more-407443\"><\/span><\/p>\n<p>La projection a \u00e9t\u00e9 marqu\u00e9e par la pr\u00e9sence de Mohamed Mehdi Bensaid, ministre de la jeunesse, de la culture et de la communication, et de plusieurs personnalit\u00e9s culturelles et artistiques. R\u00e9alis\u00e9e par l\u2019humoriste Mohamed Amin Al Ahmar, alias \u00abTalis\u00bb, et produite par la soci\u00e9t\u00e9 de production et de distribution \u00abSW Media\u00bb, \u00abAl Ikhwan\u00bb m\u00eale \u00e0 la fois trag\u00e9die et com\u00e9die. Elle r\u00e9unit une panoplie d\u2019acteurs appartenant \u00e0 diff\u00e9rentes g\u00e9n\u00e9rations \u00e0 l\u2019instar de Fadela Benmoussa, Abdellatif Khamouli, Rawia, Fatima Bouchane et Salah Eddine Benmoussa.<\/p>\n<p><a href=\"https:\/\/linitiative.ca\/International\/wp-content\/uploads\/sites\/23\/2022\/05\/Projection-en-avant-premiere-de-la-comedie-Al-Ikhwand.png\"><img loading=\"lazy\" decoding=\"async\" class=\"alignnone size-full wp-image-407446\" src=\"https:\/\/linitiative.ca\/International\/wp-content\/uploads\/sites\/23\/2022\/05\/Projection-en-avant-premiere-de-la-comedie-Al-Ikhwand.png\" alt=\"\" width=\"746\" height=\"380\" srcset=\"https:\/\/linitiative.ca\/International\/wp-content\/uploads\/sites\/23\/2022\/05\/Projection-en-avant-premiere-de-la-comedie-Al-Ikhwand.png 746w, https:\/\/aujourdhui.ma\/wp-content\/uploads\/2022\/05\/Projection-en-avant-premiere-de-la-comedie-Al-Ikhwand-300x153.png 300w, https:\/\/aujourdhui.ma\/wp-content\/uploads\/2022\/05\/Projection-en-avant-premiere-de-la-comedie-Al-Ikhwand-274x140.png 274w, https:\/\/aujourdhui.ma\/wp-content\/uploads\/2022\/05\/Projection-en-avant-premiere-de-la-comedie-Al-Ikhwand-165x84.png 165w, https:\/\/aujourdhui.ma\/wp-content\/uploads\/2022\/05\/Projection-en-avant-premiere-de-la-comedie-Al-Ikhwand-702x358.png 702w\" sizes=\"auto, (max-width: 746px) 100vw, 746px\"><\/a> <a href=\"https:\/\/linitiative.ca\/International\/wp-content\/uploads\/sites\/23\/2022\/05\/Projection-en-avant-premiere-de-la-comedie-Al-Ikhwan-x.png\"><img loading=\"lazy\" decoding=\"async\" class=\"alignnone size-full wp-image-407447\" src=\"https:\/\/linitiative.ca\/International\/wp-content\/uploads\/sites\/23\/2022\/05\/Projection-en-avant-premiere-de-la-comedie-Al-Ikhwan-x.png\" alt=\"\" width=\"746\" height=\"380\" srcset=\"https:\/\/linitiative.ca\/International\/wp-content\/uploads\/sites\/23\/2022\/05\/Projection-en-avant-premiere-de-la-comedie-Al-Ikhwan-x.png 746w, https:\/\/aujourdhui.ma\/wp-content\/uploads\/2022\/05\/Projection-en-avant-premiere-de-la-comedie-Al-Ikhwan-x-300x153.png 300w, https:\/\/aujourdhui.ma\/wp-content\/uploads\/2022\/05\/Projection-en-avant-premiere-de-la-comedie-Al-Ikhwan-x-274x140.png 274w, https:\/\/aujourdhui.ma\/wp-content\/uploads\/2022\/05\/Projection-en-avant-premiere-de-la-comedie-Al-Ikhwan-x-165x84.png 165w, https:\/\/aujourdhui.ma\/wp-content\/uploads\/2022\/05\/Projection-en-avant-premiere-de-la-comedie-Al-Ikhwan-x-702x358.png 702w\" sizes=\"auto, (max-width: 746px) 100vw, 746px\"><\/a><\/p>\n<p>De plus, elle rassemble les membres de la troupe \u00abHumouraji\u00bb \u00e0 l\u2019instar du duo d\u2019humoristes Sa\u00efd et Wadi3, Rachid Rafik, Mohamed Bassou, Ayoub Idri et Karima Oulhous. Le film a \u00e9galement vu la participation de la danseuse Maya Dbaich dans sa premi\u00e8re exp\u00e9rience cin\u00e9matographique, ainsi que Youssef Ouzilal, plus connu par le personnage de \u00abFatima Tawil\u00bb.<\/p>\n<p><strong>Reportage photos de Chafik Arich<\/strong><br \/>\ncarich@aujourdhui.ma<\/p>\n<\/div>\n<p>Auteur: ALM<br \/>\n<a href=\"https:\/\/aujourdhui.ma\/culture\/projection-en-avant-premiere-de-la-comedie-al-ikhwan\">Cliquez ici pour lire l&rsquo;article depuis sa source.<\/a><\/p>\n","protected":false},"excerpt":{"rendered":"<p>La nouvelle com\u00e9die \u00abAl Ikhwan\u00bb, dont la sortie officielle est pr\u00e9vue ce 11 mai, a \u00e9t\u00e9 projet\u00e9e lundi dernier en avant-premi\u00e8re au M\u00e9garama de Casablanca. La projection a \u00e9t\u00e9 marqu\u00e9e par la pr\u00e9sence de Mohamed Mehdi Bensaid, ministre de la jeunesse, de la culture et de la communication, et de plusieurs personnalit\u00e9s culturelles et artistiques. [&hellip;]<\/p>\n","protected":false},"author":1759,"featured_media":0,"comment_status":"closed","ping_status":"closed","sticky":false,"template":"","format":"standard","meta":{"fifu_image_url":"https:\/\/aujourdhui.ma\/wp-content\/uploads\/2022\/05\/Projection-en-avant-premiere-de-la-comedie-Al-Ikhwan-300x153.png","fifu_image_alt":"Projection en avant-premi\u00e8re de la com\u00e9die \u00abAl Ikhwan\u00bb","footnotes":""},"categories":[73,54],"tags":[],"class_list":["post-147439","post","type-post","status-publish","format-standard","hentry","category-actualite","category-maroc"],"_links":{"self":[{"href":"https:\/\/linitiative.ca\/International\/wp-json\/wp\/v2\/posts\/147439","targetHints":{"allow":["GET"]}}],"collection":[{"href":"https:\/\/linitiative.ca\/International\/wp-json\/wp\/v2\/posts"}],"about":[{"href":"https:\/\/linitiative.ca\/International\/wp-json\/wp\/v2\/types\/post"}],"author":[{"embeddable":true,"href":"https:\/\/linitiative.ca\/International\/wp-json\/wp\/v2\/users\/1759"}],"replies":[{"embeddable":true,"href":"https:\/\/linitiative.ca\/International\/wp-json\/wp\/v2\/comments?post=147439"}],"version-history":[{"count":0,"href":"https:\/\/linitiative.ca\/International\/wp-json\/wp\/v2\/posts\/147439\/revisions"}],"wp:attachment":[{"href":"https:\/\/linitiative.ca\/International\/wp-json\/wp\/v2\/media?parent=147439"}],"wp:term":[{"taxonomy":"category","embeddable":true,"href":"https:\/\/linitiative.ca\/International\/wp-json\/wp\/v2\/categories?post=147439"},{"taxonomy":"post_tag","embeddable":true,"href":"https:\/\/linitiative.ca\/International\/wp-json\/wp\/v2\/tags?post=147439"}],"curies":[{"name":"wp","href":"https:\/\/api.w.org\/{rel}","templated":true}]}}