{"id":147458,"date":"2022-05-11T09:44:55","date_gmt":"2022-05-11T13:44:55","guid":{"rendered":"https:\/\/linitiative.ca\/International\/coalition-mondiale-contre-daech-organisation-et-enjeux\/"},"modified":"2022-05-11T09:44:55","modified_gmt":"2022-05-11T13:44:55","slug":"coalition-mondiale-contre-daech-organisation-et-enjeux","status":"publish","type":"post","link":"https:\/\/linitiative.ca\/International\/coalition-mondiale-contre-daech-organisation-et-enjeux\/","title":{"rendered":"Coalition mondiale contre Daech : Organisation et enjeux"},"content":{"rendered":"<div>\n<div class=\"field field-name-body field-type-text-with-summary field-label-hidden\">\n<div class=\"field-items\">\n<div class=\"field-item even\" property=\"content:encoded\">\n<p><em>Cr\u00e9\u00e9e en septembre 2014, la Coalition mondiale contre Daech compte aujourd&rsquo;hui 84 partenaires. Les membres de la coalition se sont engag\u00e9s \u00e0 combattre Daech sur tous les fronts, \u00e0 d\u00e9manteler ses r\u00e9seaux et \u00e0 contrer ses ambitions mondiales.<\/em><\/p>\n<p><u><strong>Voici les principaux enjeux et objectifs de la Coalition :<\/strong><\/u><\/p>\n<\/div>\n<\/div>\n<\/div>\n<\/div>\n<p>Auteur: mbasraoui<br \/>\n<a href=\"https:\/\/www.leconomiste.com\/flash-infos\/coalition-mondiale-contre-daech-organisation-et-enjeux\">Cliquez ici pour lire l&rsquo;article depuis sa source.<\/a><\/p>\n","protected":false},"excerpt":{"rendered":"<p>Cr\u00e9\u00e9e en septembre 2014, la Coalition mondiale contre Daech compte aujourd&rsquo;hui 84 partenaires. Les membres de la coalition se sont engag\u00e9s \u00e0 combattre Daech sur tous les fronts, \u00e0 d\u00e9manteler ses r\u00e9seaux et \u00e0 contrer ses ambitions mondiales. Voici les principaux enjeux et objectifs de la Coalition : Auteur: mbasraoui Cliquez ici pour lire l&rsquo;article [&hellip;]<\/p>\n","protected":false},"author":1763,"featured_media":0,"comment_status":"closed","ping_status":"closed","sticky":false,"template":"","format":"standard","meta":{"fifu_image_url":"","fifu_image_alt":"","footnotes":""},"categories":[78,54],"tags":[],"class_list":["post-147458","post","type-post","status-publish","format-standard","hentry","category-economie","category-maroc"],"_links":{"self":[{"href":"https:\/\/linitiative.ca\/International\/wp-json\/wp\/v2\/posts\/147458","targetHints":{"allow":["GET"]}}],"collection":[{"href":"https:\/\/linitiative.ca\/International\/wp-json\/wp\/v2\/posts"}],"about":[{"href":"https:\/\/linitiative.ca\/International\/wp-json\/wp\/v2\/types\/post"}],"author":[{"embeddable":true,"href":"https:\/\/linitiative.ca\/International\/wp-json\/wp\/v2\/users\/1763"}],"replies":[{"embeddable":true,"href":"https:\/\/linitiative.ca\/International\/wp-json\/wp\/v2\/comments?post=147458"}],"version-history":[{"count":0,"href":"https:\/\/linitiative.ca\/International\/wp-json\/wp\/v2\/posts\/147458\/revisions"}],"wp:attachment":[{"href":"https:\/\/linitiative.ca\/International\/wp-json\/wp\/v2\/media?parent=147458"}],"wp:term":[{"taxonomy":"category","embeddable":true,"href":"https:\/\/linitiative.ca\/International\/wp-json\/wp\/v2\/categories?post=147458"},{"taxonomy":"post_tag","embeddable":true,"href":"https:\/\/linitiative.ca\/International\/wp-json\/wp\/v2\/tags?post=147458"}],"curies":[{"name":"wp","href":"https:\/\/api.w.org\/{rel}","templated":true}]}}