{"id":147467,"date":"2022-05-11T04:10:00","date_gmt":"2022-05-11T08:10:00","guid":{"rendered":"https:\/\/linitiative.ca\/International\/comment-contrecarrer-le-retour-en-force-de-lislam-politique\/"},"modified":"2022-05-11T04:10:00","modified_gmt":"2022-05-11T08:10:00","slug":"comment-contrecarrer-le-retour-en-force-de-lislam-politique","status":"publish","type":"post","link":"https:\/\/linitiative.ca\/International\/comment-contrecarrer-le-retour-en-force-de-lislam-politique\/","title":{"rendered":"Comment contrecarrer le retour en force de l&rsquo;islam politique"},"content":{"rendered":"<div><img decoding=\"async\" src=\"https:\/\/linitiative.ca\/International\/wp-content\/uploads\/sites\/23\/2022\/05\/1652277768_article.jpg\" alt=\"Comment contrecarrer le retour en force de l\" islam politique align=\"left\">Par Monji Ben Raies &#8211; Le Maghreb est entr\u00e9 dans une p\u00e9riode d\u2019incertitude sur le plan sociopolitique qui a touch\u00e9 l\u2019ensemble de ses composantes \u00e9tatiques. Pour l\u2019\u00c9tat tunisien, le premier obstacle est d\u2019ordre psychologique, un conflit ancien mais r\u00e9current avec les gestionnaires du sacr\u00e9 sur lesquels se projettent les images de la d\u00e9cadence historique de la civilisation arabo-musulmane et notamment celle de la Tunisie post-insurrectionnelle. Dans cet \u00e9tat d\u2019esprit, depuis 2011, le pays tunisien s\u2019est polaris\u00e9 autour de sa fracture sociale; l\u2019envahissement de l\u2019islamisme radical int\u00e9griste menace chaque jour davantage les espaces de libert\u00e9 individuelle acquis et &#8230;<\/p>\n<\/div>\n<p>Auteur:<br \/>\n<a href=\"https:\/\/www.leaders.com.tn\/article\/33331-comment-contrecarrer-le-retour-en-force-de-l-islam-politique\">Cliquez ici pour lire l&rsquo;article depuis sa source.<\/a><\/p>\n","protected":false},"excerpt":{"rendered":"<p>Par Monji Ben Raies &#8211; Le Maghreb est entr\u00e9 dans une p\u00e9riode d\u2019incertitude sur le plan sociopolitique qui a touch\u00e9 l\u2019ensemble de ses composantes \u00e9tatiques. Pour l\u2019\u00c9tat tunisien, le premier obstacle est d\u2019ordre psychologique, un conflit ancien mais r\u00e9current avec les gestionnaires du sacr\u00e9 sur lesquels se projettent les images de la d\u00e9cadence historique de [&hellip;]<\/p>\n","protected":false},"author":1772,"featured_media":0,"comment_status":"closed","ping_status":"closed","sticky":false,"template":"","format":"standard","meta":{"fifu_image_url":"http:\/\/www.leaders.com.tn\/uploads\/content\/thumbnails_small\/1652277768_article.jpg","fifu_image_alt":"<div>Comment contrecarrer le retour en force de l'islam politique<\/div>","footnotes":""},"categories":[73,55],"tags":[],"class_list":["post-147467","post","type-post","status-publish","format-standard","hentry","category-actualite","category-tunisie"],"_links":{"self":[{"href":"https:\/\/linitiative.ca\/International\/wp-json\/wp\/v2\/posts\/147467","targetHints":{"allow":["GET"]}}],"collection":[{"href":"https:\/\/linitiative.ca\/International\/wp-json\/wp\/v2\/posts"}],"about":[{"href":"https:\/\/linitiative.ca\/International\/wp-json\/wp\/v2\/types\/post"}],"author":[{"embeddable":true,"href":"https:\/\/linitiative.ca\/International\/wp-json\/wp\/v2\/users\/1772"}],"replies":[{"embeddable":true,"href":"https:\/\/linitiative.ca\/International\/wp-json\/wp\/v2\/comments?post=147467"}],"version-history":[{"count":0,"href":"https:\/\/linitiative.ca\/International\/wp-json\/wp\/v2\/posts\/147467\/revisions"}],"wp:attachment":[{"href":"https:\/\/linitiative.ca\/International\/wp-json\/wp\/v2\/media?parent=147467"}],"wp:term":[{"taxonomy":"category","embeddable":true,"href":"https:\/\/linitiative.ca\/International\/wp-json\/wp\/v2\/categories?post=147467"},{"taxonomy":"post_tag","embeddable":true,"href":"https:\/\/linitiative.ca\/International\/wp-json\/wp\/v2\/tags?post=147467"}],"curies":[{"name":"wp","href":"https:\/\/api.w.org\/{rel}","templated":true}]}}