{"id":147469,"date":"2022-05-11T04:35:00","date_gmt":"2022-05-11T08:35:00","guid":{"rendered":"https:\/\/linitiative.ca\/International\/malek-ezzahi-ministre-des-affaires-sociales-au-coeur-du-dialogue-national\/"},"modified":"2022-05-11T04:35:00","modified_gmt":"2022-05-11T08:35:00","slug":"malek-ezzahi-ministre-des-affaires-sociales-au-coeur-du-dialogue-national","status":"publish","type":"post","link":"https:\/\/linitiative.ca\/International\/malek-ezzahi-ministre-des-affaires-sociales-au-coeur-du-dialogue-national\/","title":{"rendered":"Malek Ezzahi, Ministre des Affaires sociales: Au c\u0153ur du dialogue national"},"content":{"rendered":"<div><img decoding=\"async\" src=\"https:\/\/linitiative.ca\/International\/wp-content\/uploads\/sites\/23\/2022\/05\/1652255811_article.jpg\" alt=\"Malek Ezzahi, Ministre des Affaires sociales: Au c\u0153ur du Dialogue national \" align=\"left\">Porter le dialogue national tant promis par le pr\u00e9sident Ka\u00efs Sa\u00efed, pour paver la voie au r\u00e9f\u00e9rendum du 25 juillet 2022. Malek Ezzahi, compagnon de route et fid\u00e8le parmi les fid\u00e8les, aura lui aussi \u00e0 s\u2019y investir. Ministre des Affaires sociales, il est au carrefour des concertations avec les organisations syndicales nationales, et de nombreuses composantes de la soci\u00e9t\u00e9 civile. <\/p>\n<p>Mais au-del\u00e0 du ministre se profile un long parcours politique crois\u00e9 avec un engagement dans l\u2019action militante, depuis ses ann\u00e9es au Campus universitaire au sein de l\u2019Uget (2000-2001). Tr\u00e8s actif, depuis lors, dans de nombreuses manifestations (en faveur de la Palestine, pour les droits et &#8230;<\/p>\n<\/div>\n<p>Auteur:<br \/>\n<a href=\"https:\/\/www.leaders.com.tn\/article\/33328-malek-ezzahi-ministre-des-affaires-sociales-au-coeur-du-dialogue-national\">Cliquez ici pour lire l&rsquo;article depuis sa source.<\/a><\/p>\n","protected":false},"excerpt":{"rendered":"<p>Porter le dialogue national tant promis par le pr\u00e9sident Ka\u00efs Sa\u00efed, pour paver la voie au r\u00e9f\u00e9rendum du 25 juillet 2022. Malek Ezzahi, compagnon de route et fid\u00e8le parmi les fid\u00e8les, aura lui aussi \u00e0 s\u2019y investir. Ministre des Affaires sociales, il est au carrefour des concertations avec les organisations syndicales nationales, et de nombreuses [&hellip;]<\/p>\n","protected":false},"author":1772,"featured_media":0,"comment_status":"closed","ping_status":"closed","sticky":false,"template":"","format":"standard","meta":{"fifu_image_url":"http:\/\/www.leaders.com.tn\/uploads\/content\/thumbnails_small\/1652255811_article.jpg","fifu_image_alt":"Malek Ezzahi, Ministre des Affaires sociales: Au c\u0153ur du dialogue national","footnotes":""},"categories":[73,55],"tags":[],"class_list":["post-147469","post","type-post","status-publish","format-standard","hentry","category-actualite","category-tunisie"],"_links":{"self":[{"href":"https:\/\/linitiative.ca\/International\/wp-json\/wp\/v2\/posts\/147469","targetHints":{"allow":["GET"]}}],"collection":[{"href":"https:\/\/linitiative.ca\/International\/wp-json\/wp\/v2\/posts"}],"about":[{"href":"https:\/\/linitiative.ca\/International\/wp-json\/wp\/v2\/types\/post"}],"author":[{"embeddable":true,"href":"https:\/\/linitiative.ca\/International\/wp-json\/wp\/v2\/users\/1772"}],"replies":[{"embeddable":true,"href":"https:\/\/linitiative.ca\/International\/wp-json\/wp\/v2\/comments?post=147469"}],"version-history":[{"count":0,"href":"https:\/\/linitiative.ca\/International\/wp-json\/wp\/v2\/posts\/147469\/revisions"}],"wp:attachment":[{"href":"https:\/\/linitiative.ca\/International\/wp-json\/wp\/v2\/media?parent=147469"}],"wp:term":[{"taxonomy":"category","embeddable":true,"href":"https:\/\/linitiative.ca\/International\/wp-json\/wp\/v2\/categories?post=147469"},{"taxonomy":"post_tag","embeddable":true,"href":"https:\/\/linitiative.ca\/International\/wp-json\/wp\/v2\/tags?post=147469"}],"curies":[{"name":"wp","href":"https:\/\/api.w.org\/{rel}","templated":true}]}}