{"id":147471,"date":"2022-05-11T13:15:00","date_gmt":"2022-05-11T17:15:00","guid":{"rendered":"https:\/\/linitiative.ca\/International\/shireen-abu-akleh-israel-assassine-de-sang-froid-un-symbole-palestinien-et-arabe\/"},"modified":"2022-05-11T13:15:00","modified_gmt":"2022-05-11T17:15:00","slug":"shireen-abu-akleh-israel-assassine-de-sang-froid-un-symbole-palestinien-et-arabe","status":"publish","type":"post","link":"https:\/\/linitiative.ca\/International\/shireen-abu-akleh-israel-assassine-de-sang-froid-un-symbole-palestinien-et-arabe\/","title":{"rendered":"Shireen Abu Akleh: Isra\u00ebl assassine de sang froid un symbole palestinien et arabe*"},"content":{"rendered":"<div><img decoding=\"async\" src=\"https:\/\/linitiative.ca\/International\/wp-content\/uploads\/sites\/23\/2022\/05\/1652285732_article.jpg\" alt=\"Shireen Abu Akleh: Isra\u00ebl assassine de sang froid un symbole palestinien et arabe*\" align=\"left\">Par Gideon Levy<br \/>\nTraduit de l\u2019anglais par Mohamed Larbi Bouguerra<br \/>\n\u00ab L&rsquo;horreur relative exprim\u00e9e \u00e0 propos du meurtre de Shireen Abu Akleh est justifi\u00e9e et n\u00e9cessaire. Elle est aussi tardive et moralisatrice. Maintenant, vous \u00eates constern\u00e9s ? Le sang d&rsquo;une journaliste c\u00e9l\u00e8bre, quels que soient son courage et son exp\u00e9rience &#8211; et elle l&rsquo;\u00e9tait &#8211; n&rsquo;est pas plus rouge que le sang d&rsquo;une lyc\u00e9enne anonyme qui rentrait chez elle dans un taxi rempli de femmes dans cette m\u00eame ville de J\u00e9nine, il y a un mois, lorsqu&rsquo;elle a \u00e9t\u00e9 tu\u00e9e par des tirs de soldats isra\u00e9liens. C&rsquo;est ainsi que Hanan Khadour a \u00e9t\u00e9 tu\u00e9e.<\/p>\n<p>L\u00e0 aussi, le porte-parole militaire a tent\u00e9 de jeter le doute sur &#8230;<\/p>\n<\/div>\n<p>Auteur:<br \/>\n<a href=\"https:\/\/www.leaders.com.tn\/article\/33332-shireen-abu-akleh-israel-assassine-de-sang-froid-un-symbole-palestinien-et-arabe\">Cliquez ici pour lire l&rsquo;article depuis sa source.<\/a><\/p>\n","protected":false},"excerpt":{"rendered":"<p>Par Gideon Levy Traduit de l\u2019anglais par Mohamed Larbi Bouguerra \u00ab L&rsquo;horreur relative exprim\u00e9e \u00e0 propos du meurtre de Shireen Abu Akleh est justifi\u00e9e et n\u00e9cessaire. Elle est aussi tardive et moralisatrice. Maintenant, vous \u00eates constern\u00e9s ? Le sang d&rsquo;une journaliste c\u00e9l\u00e8bre, quels que soient son courage et son exp\u00e9rience &#8211; et elle l&rsquo;\u00e9tait &#8211; [&hellip;]<\/p>\n","protected":false},"author":1772,"featured_media":0,"comment_status":"closed","ping_status":"closed","sticky":false,"template":"","format":"standard","meta":{"fifu_image_url":"http:\/\/www.leaders.com.tn\/uploads\/content\/thumbnails_small\/1652285732_article.jpg","fifu_image_alt":"Shireen Abu Akleh: Isra\u00ebl assassine de sang froid un symbole palestinien et arabe*","footnotes":""},"categories":[73,55],"tags":[],"class_list":["post-147471","post","type-post","status-publish","format-standard","hentry","category-actualite","category-tunisie"],"_links":{"self":[{"href":"https:\/\/linitiative.ca\/International\/wp-json\/wp\/v2\/posts\/147471","targetHints":{"allow":["GET"]}}],"collection":[{"href":"https:\/\/linitiative.ca\/International\/wp-json\/wp\/v2\/posts"}],"about":[{"href":"https:\/\/linitiative.ca\/International\/wp-json\/wp\/v2\/types\/post"}],"author":[{"embeddable":true,"href":"https:\/\/linitiative.ca\/International\/wp-json\/wp\/v2\/users\/1772"}],"replies":[{"embeddable":true,"href":"https:\/\/linitiative.ca\/International\/wp-json\/wp\/v2\/comments?post=147471"}],"version-history":[{"count":0,"href":"https:\/\/linitiative.ca\/International\/wp-json\/wp\/v2\/posts\/147471\/revisions"}],"wp:attachment":[{"href":"https:\/\/linitiative.ca\/International\/wp-json\/wp\/v2\/media?parent=147471"}],"wp:term":[{"taxonomy":"category","embeddable":true,"href":"https:\/\/linitiative.ca\/International\/wp-json\/wp\/v2\/categories?post=147471"},{"taxonomy":"post_tag","embeddable":true,"href":"https:\/\/linitiative.ca\/International\/wp-json\/wp\/v2\/tags?post=147471"}],"curies":[{"name":"wp","href":"https:\/\/api.w.org\/{rel}","templated":true}]}}