{"id":147475,"date":"2022-05-11T10:28:26","date_gmt":"2022-05-11T14:28:26","guid":{"rendered":"https:\/\/linitiative.ca\/International\/legislatives-france-maghreb-ahmed-eddarraz-ma-candidature-sur-ces-territoires-me-parait-naturelle\/"},"modified":"2022-05-11T10:28:26","modified_gmt":"2022-05-11T14:28:26","slug":"legislatives-france-maghreb-ahmed-eddarraz-ma-candidature-sur-ces-territoires-me-parait-naturelle","status":"publish","type":"post","link":"https:\/\/linitiative.ca\/International\/legislatives-france-maghreb-ahmed-eddarraz-ma-candidature-sur-ces-territoires-me-parait-naturelle\/","title":{"rendered":"L\u00e9gislatives France-Maghreb. Ahmed Eddarraz : \u00ab\u00a0ma candidature sur ces territoires me para\u00eet naturelle\u00a0\u00bb"},"content":{"rendered":"<div><img decoding=\"async\" width=\"852\" height=\"508\" src=\"https:\/\/linitiative.ca\/International\/wp-content\/uploads\/sites\/23\/2022\/05\/Ahmed-Eddarraz-e1652278995484-1.jpg\" class=\"attachment-post-thumbnail size-post-thumbnail wp-post-image\" alt=\"\" loading=\"lazy\" srcset=\"https:\/\/linitiative.ca\/International\/wp-content\/uploads\/sites\/23\/2022\/05\/Ahmed-Eddarraz-e1652278995484-1.jpg 852w, https:\/\/www.challenge.ma\/wp-content\/uploads\/2022\/05\/Ahmed-Eddarraz-e1652278995484-1-300x179.jpg 300w, https:\/\/www.challenge.ma\/wp-content\/uploads\/2022\/05\/Ahmed-Eddarraz-e1652278995484-1-768x458.jpg 768w, https:\/\/www.challenge.ma\/wp-content\/uploads\/2022\/05\/Ahmed-Eddarraz-e1652278995484-1-360x215.jpg 360w, https:\/\/www.challenge.ma\/wp-content\/uploads\/2022\/05\/Ahmed-Eddarraz-e1652278995484-1-750x447.jpg 750w\" sizes=\"auto, (max-width: 852px) 100vw, 852px\" itemprop=\"image\">Ahmed Eddarraz, est candidat aux \u00e9lections l\u00e9gislatives de la 9\u00e8me circonscription des Fran\u00e7ais \u00e9tablis hors de France, qui couvre le Maghreb et une partie de l\u2019Afrique de l\u2019Ouest, pour porter les couleurs de la majorit\u00e9 pr\u00e9sidentielle dans cette bataille en lieu et place du d\u00e9put\u00e9 sortant M\u2019Jid El Guerrab, affaibli<\/div>\n<p>Auteur: Mehdi Ouazzani<br \/>\n<a href=\"https:\/\/www.challenge.ma\/legislatives-france-maghreb-ahmed-eddarraz-ma-candidature-sur-ces-territoires-me-parait-naturelle-238381\/\">Cliquez ici pour lire l&rsquo;article depuis sa source.<\/a><\/p>\n","protected":false},"excerpt":{"rendered":"<p>Ahmed Eddarraz, est candidat aux \u00e9lections l\u00e9gislatives de la 9\u00e8me circonscription des Fran\u00e7ais \u00e9tablis hors de France, qui couvre le Maghreb et une partie de l\u2019Afrique de l\u2019Ouest, pour porter les couleurs de la majorit\u00e9 pr\u00e9sidentielle dans cette bataille en lieu et place du d\u00e9put\u00e9 sortant M\u2019Jid El Guerrab, affaibli Auteur: Mehdi Ouazzani Cliquez ici [&hellip;]<\/p>\n","protected":false},"author":1787,"featured_media":0,"comment_status":"closed","ping_status":"closed","sticky":false,"template":"","format":"standard","meta":{"fifu_image_url":"https:\/\/www.challenge.ma\/wp-content\/uploads\/2022\/05\/Ahmed-Eddarraz-e1652278995484-1.jpg","fifu_image_alt":"L\u00e9gislatives France-Maghreb. Ahmed Eddarraz : \u00ab\u00a0ma candidature sur ces territoires me para\u00eet naturelle\u00a0\u00bb","footnotes":""},"categories":[78,54],"tags":[],"class_list":["post-147475","post","type-post","status-publish","format-standard","hentry","category-economie","category-maroc"],"_links":{"self":[{"href":"https:\/\/linitiative.ca\/International\/wp-json\/wp\/v2\/posts\/147475","targetHints":{"allow":["GET"]}}],"collection":[{"href":"https:\/\/linitiative.ca\/International\/wp-json\/wp\/v2\/posts"}],"about":[{"href":"https:\/\/linitiative.ca\/International\/wp-json\/wp\/v2\/types\/post"}],"author":[{"embeddable":true,"href":"https:\/\/linitiative.ca\/International\/wp-json\/wp\/v2\/users\/1787"}],"replies":[{"embeddable":true,"href":"https:\/\/linitiative.ca\/International\/wp-json\/wp\/v2\/comments?post=147475"}],"version-history":[{"count":0,"href":"https:\/\/linitiative.ca\/International\/wp-json\/wp\/v2\/posts\/147475\/revisions"}],"wp:attachment":[{"href":"https:\/\/linitiative.ca\/International\/wp-json\/wp\/v2\/media?parent=147475"}],"wp:term":[{"taxonomy":"category","embeddable":true,"href":"https:\/\/linitiative.ca\/International\/wp-json\/wp\/v2\/categories?post=147475"},{"taxonomy":"post_tag","embeddable":true,"href":"https:\/\/linitiative.ca\/International\/wp-json\/wp\/v2\/tags?post=147475"}],"curies":[{"name":"wp","href":"https:\/\/api.w.org\/{rel}","templated":true}]}}