{"id":147487,"date":"2022-05-11T16:37:26","date_gmt":"2022-05-11T20:37:26","guid":{"rendered":"https:\/\/linitiative.ca\/International\/hausse-des-prix-liace-met-en-garde-contre-les-risques-sociaux-1-3\/"},"modified":"2022-05-11T16:37:26","modified_gmt":"2022-05-11T20:37:26","slug":"hausse-des-prix-liace-met-en-garde-contre-les-risques-sociaux-1-3","status":"publish","type":"post","link":"https:\/\/linitiative.ca\/International\/hausse-des-prix-liace-met-en-garde-contre-les-risques-sociaux-1-3\/","title":{"rendered":"Hausse des prix\u00a0: L\u2019IACE met en garde contre les risques sociaux \u00a0(1\/3)"},"content":{"rendered":"<div>\n<p>Les pressions inflationnistes ont entra\u00een\u00e9 une hausse des prix des mati\u00e8res premi\u00e8res depuis le dernier trimestre de 2021, et la poursuite du ch\u00f4mage, exacerb\u00e9e par la pand\u00e9mie Covid 19, a exacerb\u00e9 les tensions sociales, qui posent des d\u00e9fis majeurs aux pays du Maghreb rapporte une \u00e9tude publi\u00e9 lundi dernier 9 mai 2022 par l\u2019Institut Arabe [\u2026]<\/p>\n<p>L\u2019article <a href=\"https:\/\/www.tunisienumerique.com\/hausse-des-prix-liace-met-en-garde-contre-les-risques-sociaux-1-3\/\">Hausse des prix\u00a0: L\u2019IACE met en garde contre les risques sociaux \u00a0(1\/3)<\/a> est apparu en premier sur <a href=\"https:\/\/www.tunisienumerique.com\/\">Tunisie<\/a>.<\/p>\n<\/div>\n<p>Auteur: Mohamed Ben Abderrazek<br \/>\n<a href=\"https:\/\/www.tunisienumerique.com\/hausse-des-prix-liace-met-en-garde-contre-les-risques-sociaux-1-3\/\">Cliquez ici pour lire l&rsquo;article depuis sa source.<\/a><\/p>\n","protected":false},"excerpt":{"rendered":"<p>Les pressions inflationnistes ont entra\u00een\u00e9 une hausse des prix des mati\u00e8res premi\u00e8res depuis le dernier trimestre de 2021, et la poursuite du ch\u00f4mage, exacerb\u00e9e par la pand\u00e9mie Covid 19, a exacerb\u00e9 les tensions sociales, qui posent des d\u00e9fis majeurs aux pays du Maghreb rapporte une \u00e9tude publi\u00e9 lundi dernier 9 mai 2022 par l\u2019Institut Arabe [&hellip;]<\/p>\n","protected":false},"author":1789,"featured_media":0,"comment_status":"closed","ping_status":"closed","sticky":false,"template":"","format":"standard","meta":{"fifu_image_url":"","fifu_image_alt":"","footnotes":""},"categories":[73,55],"tags":[],"class_list":["post-147487","post","type-post","status-publish","format-standard","hentry","category-actualite","category-tunisie"],"_links":{"self":[{"href":"https:\/\/linitiative.ca\/International\/wp-json\/wp\/v2\/posts\/147487","targetHints":{"allow":["GET"]}}],"collection":[{"href":"https:\/\/linitiative.ca\/International\/wp-json\/wp\/v2\/posts"}],"about":[{"href":"https:\/\/linitiative.ca\/International\/wp-json\/wp\/v2\/types\/post"}],"author":[{"embeddable":true,"href":"https:\/\/linitiative.ca\/International\/wp-json\/wp\/v2\/users\/1789"}],"replies":[{"embeddable":true,"href":"https:\/\/linitiative.ca\/International\/wp-json\/wp\/v2\/comments?post=147487"}],"version-history":[{"count":0,"href":"https:\/\/linitiative.ca\/International\/wp-json\/wp\/v2\/posts\/147487\/revisions"}],"wp:attachment":[{"href":"https:\/\/linitiative.ca\/International\/wp-json\/wp\/v2\/media?parent=147487"}],"wp:term":[{"taxonomy":"category","embeddable":true,"href":"https:\/\/linitiative.ca\/International\/wp-json\/wp\/v2\/categories?post=147487"},{"taxonomy":"post_tag","embeddable":true,"href":"https:\/\/linitiative.ca\/International\/wp-json\/wp\/v2\/tags?post=147487"}],"curies":[{"name":"wp","href":"https:\/\/api.w.org\/{rel}","templated":true}]}}