{"id":147488,"date":"2022-05-11T17:06:26","date_gmt":"2022-05-11T21:06:26","guid":{"rendered":"https:\/\/linitiative.ca\/International\/tunisie-la-crise-des-fourrages-et-les-difficultes-du-secteur-laitier-au-coeur-dune-rencontre-entre-saied-et-ben-ayed\/"},"modified":"2022-05-11T17:06:26","modified_gmt":"2022-05-11T21:06:26","slug":"tunisie-la-crise-des-fourrages-et-les-difficultes-du-secteur-laitier-au-coeur-dune-rencontre-entre-saied-et-ben-ayed","status":"publish","type":"post","link":"https:\/\/linitiative.ca\/International\/tunisie-la-crise-des-fourrages-et-les-difficultes-du-secteur-laitier-au-coeur-dune-rencontre-entre-saied-et-ben-ayed\/","title":{"rendered":"Tunisie : La crise des fourrages et les difficult\u00e9s du secteur laitier, au c\u0153ur d\u2019une rencontre entre Saied et Ben Ayed"},"content":{"rendered":"<div>\n<p>Le pr\u00e9sident de la R\u00e9publique, Kais Saied, a re\u00e7u, aujourd\u2019hui, jeudi 11 mai 2022, au Palais de Carthage, le Vice-pr\u00e9sident de l\u2019UTAP, Noureddine Ben Ayed. Les pr\u00e9occupations des agriculteurs, notamment les questions li\u00e9es au fourrage et les difficult\u00e9s du secteur laitier ont \u00e9t\u00e9 abord\u00e9s au cours de cette rencontre. Saied a soulign\u00e9 son soutien aux [\u2026]<\/p>\n<p>L\u2019article <a href=\"https:\/\/www.tunisienumerique.com\/tunisie-la-crise-des-fourrages-et-les-difficultes-du-secteur-laitier-au-coeur-dune-rencontre-entre-saied-et-ben-ayed\/\">Tunisie : La crise des fourrages et les difficult\u00e9s du secteur laitier, au c\u0153ur d\u2019une rencontre entre Saied et Ben Ayed<\/a> est apparu en premier sur <a href=\"https:\/\/www.tunisienumerique.com\/\">Tunisie<\/a>.<\/p>\n<\/div>\n<p>Auteur: rania ben slimane<br \/>\n<a href=\"https:\/\/www.tunisienumerique.com\/tunisie-la-crise-des-fourrages-et-les-difficultes-du-secteur-laitier-au-coeur-dune-rencontre-entre-saied-et-ben-ayed\/\">Cliquez ici pour lire l&rsquo;article depuis sa source.<\/a><\/p>\n","protected":false},"excerpt":{"rendered":"<p>Le pr\u00e9sident de la R\u00e9publique, Kais Saied, a re\u00e7u, aujourd\u2019hui, jeudi 11 mai 2022, au Palais de Carthage, le Vice-pr\u00e9sident de l\u2019UTAP, Noureddine Ben Ayed. Les pr\u00e9occupations des agriculteurs, notamment les questions li\u00e9es au fourrage et les difficult\u00e9s du secteur laitier ont \u00e9t\u00e9 abord\u00e9s au cours de cette rencontre. Saied a soulign\u00e9 son soutien aux [&hellip;]<\/p>\n","protected":false},"author":1789,"featured_media":0,"comment_status":"closed","ping_status":"closed","sticky":false,"template":"","format":"standard","meta":{"fifu_image_url":"","fifu_image_alt":"","footnotes":""},"categories":[73,55],"tags":[],"class_list":["post-147488","post","type-post","status-publish","format-standard","hentry","category-actualite","category-tunisie"],"_links":{"self":[{"href":"https:\/\/linitiative.ca\/International\/wp-json\/wp\/v2\/posts\/147488","targetHints":{"allow":["GET"]}}],"collection":[{"href":"https:\/\/linitiative.ca\/International\/wp-json\/wp\/v2\/posts"}],"about":[{"href":"https:\/\/linitiative.ca\/International\/wp-json\/wp\/v2\/types\/post"}],"author":[{"embeddable":true,"href":"https:\/\/linitiative.ca\/International\/wp-json\/wp\/v2\/users\/1789"}],"replies":[{"embeddable":true,"href":"https:\/\/linitiative.ca\/International\/wp-json\/wp\/v2\/comments?post=147488"}],"version-history":[{"count":0,"href":"https:\/\/linitiative.ca\/International\/wp-json\/wp\/v2\/posts\/147488\/revisions"}],"wp:attachment":[{"href":"https:\/\/linitiative.ca\/International\/wp-json\/wp\/v2\/media?parent=147488"}],"wp:term":[{"taxonomy":"category","embeddable":true,"href":"https:\/\/linitiative.ca\/International\/wp-json\/wp\/v2\/categories?post=147488"},{"taxonomy":"post_tag","embeddable":true,"href":"https:\/\/linitiative.ca\/International\/wp-json\/wp\/v2\/tags?post=147488"}],"curies":[{"name":"wp","href":"https:\/\/api.w.org\/{rel}","templated":true}]}}