{"id":147496,"date":"2022-05-11T17:38:15","date_gmt":"2022-05-11T21:38:15","guid":{"rendered":"https:\/\/linitiative.ca\/International\/cop15-au-dela-des-decideurs\/"},"modified":"2022-05-11T17:38:15","modified_gmt":"2022-05-11T21:38:15","slug":"cop15-au-dela-des-decideurs","status":"publish","type":"post","link":"https:\/\/linitiative.ca\/International\/cop15-au-dela-des-decideurs\/","title":{"rendered":"COP15  : Au-del\u00e0 des d\u00e9cideurs"},"content":{"rendered":"<div>\n<p>La COP15, la r\u00e9union des Etats autour de la Convention des Nations unies sur la lutte contre la d\u00e9sertification (CNULCD) se tient du 9 au 20 mai 2022, \u00e0 Abidjan en C\u00f4te d\u2019Ivoire. Au menu des \u00e9changes, la d\u00e9sertification et la d\u00e9gradation des terres \u00e0 l\u2019\u00e9chelle de la plan\u00e8te. Pr\u00e9sents dans la capitale \u00e9conomique ivoirienne, les n\u00e9gociateurs de 196 pays vont devoir s\u2019entendre sur des mesures appropri\u00e9es pour lutter contre la d\u00e9sertification qui avance dangereusement. Le constat de l\u2019ONU sur ce ph\u00e9nom\u00e8ne est sans appel : 40 % des terres seraient d\u00e9grad\u00e9es aujourd\u2019hui \u00e0 travers le monde.<\/p>\n<p>L\u2019urgence de trouver des solutions concr\u00e8tes \u00e0 l\u2019\u00e9chelle mondiale pour enrayer la d\u00e9sertification, la d\u00e9forestation, la s\u00e9cheresse et la pollution des sols est donc pr\u00e9gnante. En Afrique, aux dires du ministre ivoirien de l\u2019Environnement, Jean-Luc Assi, ce sont 319 millions d\u2019hectares en Afrique qui sont menac\u00e9s de d\u00e9sertification. Selon l\u2019Organisation des Nations unies pour l\u2019alimentation et l\u2019agriculture (FAO), l\u2019Afrique subsaharienne est la r\u00e9gion la plus touch\u00e9e par ce ph\u00e9nom\u00e8ne compar\u00e9e au reste du monde. C\u2019est dire combien l\u2019Afrique subit de plein fouet la d\u00e9sertification avec en filigrane son corolaire d\u2019ins\u00e9curit\u00e9 alimentaire qui \u00e9treint des millions de personnes.<\/p>\n<p>A l\u2019ouverture des travaux de la COP 15, le 9 mai 2022, le Pr\u00e9sident ivoirien, Alassane Ouattara, a pr\u00e9sent\u00e9 l\u2019Initiative d\u2019Abidjan\u200b, tout un programme dont l\u2019objectif est de mobiliser 1,5 milliard de dollars sur cinq ans afin de restaurer les \u00e9cosyst\u00e8mes forestiers d\u00e9grad\u00e9s en C\u00f4te d\u2019Ivoire \u200bet promouvoir des approches de gestion durable des sols. Des signes qui montrent que la question pr\u00e9occupe au plus haut niveau. Au-del\u00e0 des grands d\u00e9cideurs et sp\u00e9cialistes sur les questions inh\u00e9rentes \u00e0 la d\u00e9sertification et \u00e0 la d\u00e9gradation des terres qui vont proposer des solutions durables et concr\u00e8tes, la COP15 a eu le m\u00e9rite d\u2019associer des repr\u00e9sentants du monde paysan aux discussions.<\/p>\n<p>Venues d\u2019un peu partout, ces personnes qui sont au contact quotidien avec la terre savent clairement \u00e0 quels d\u00e9fis ils sont confront\u00e9s. En les associant \u00e0 une rencontre d\u2019une telle envergure, il est fort probable que des solutions endog\u00e8nes limit\u00e9es \u00e0 certaines contr\u00e9es ou r\u00e9gions qui participent un tant soit peu \u00e0 contrecarrer l\u2019avanc\u00e9e du d\u00e9sert et \u00e0 endiguer la d\u00e9gradation des sols pourraient \u00eatre prises en compte. Les exp\u00e9riences individuelles du monde paysan, longtemps n\u00e9glig\u00e9es, doivent d\u00e9sormais faire l\u2019objet d\u2019une attention particuli\u00e8re.<\/p>\n<p>Depuis des mill\u00e9naires, \u00e0 une \u00e9chelle circonscrite, certaines m\u00e9thodes ont eu l\u2019avantage de pr\u00e9server les sols de la s\u00e9cheresse et autres menaces. Maintenant que la d\u00e9sertification galopante conjugu\u00e9e \u00e0 la d\u00e9gradation avanc\u00e9e des terres arables se pose avec acuit\u00e9, il est plus qu\u2019un imp\u00e9ratif d\u2019explorer toutes les pistes de solutions. C\u2019est pourquoi, \u00e0 l\u2019issue de la COP 15, l\u2019ensemble des exp\u00e9riences que le monde paysan viendrait \u00e0 partager devraient \u00eatre r\u00e9pertori\u00e9es, \u00e9tudi\u00e9es pour \u00eatre vulgaris\u00e9es le plus largement possible. A ces solutions qui seront propos\u00e9es, il faudrait apporter les innovations n\u00e9cessaires pour plus d\u2019efficacit\u00e9 au regard de l\u2019ampleur du ph\u00e9nom\u00e8ne. Il faut saluer l\u2019initiative de la COP15 d\u2019avoir associ\u00e9 les acteurs de premier plan que sont ceux du monde rural.<\/p>\n<p>Le plus important serait de prendre en compte les pr\u00e9occupations et les pistes de solutions qu\u2019ils auront \u00e0 formuler. C\u2019est \u00e0 ce prix que la qu\u00eate de solutions concr\u00e8tes, si ch\u00e8re \u00e0 cette 15e rencontre, pourrait dans une certaine mesure trouver son plein sens. A d\u00e9faut, l\u2019on aurait simplement invit\u00e9 le monde paysan \u00e0 la COP15 pour faire de la figuration, \u00e0 tout le moins pour se donner une bonne conscience d\u2019avoir associ\u00e9 tout le monde. Entre les bonnes intentions et leur concr\u00e9tisation, il faut travailler \u00e0 r\u00e9duire v\u00e9ritablement les fronti\u00e8res d\u2019autant plus que c\u2019est l\u2019avenir de l\u2019humanit\u00e9 qui est en jeu.<\/p>\n<p style=\"text-align: right\"><strong>Karim BADOLO <\/strong><\/p>\n<\/div>\n<p>Auteur: JK. Sidwaya<br \/>\n<a href=\"https:\/\/www.sidwaya.info\/blog\/2022\/05\/11\/cop15-au-dela-des-decideurs\/\">Cliquez ici pour lire l&rsquo;article depuis sa source.<\/a><\/p>\n","protected":false},"excerpt":{"rendered":"<p>La COP15, la r\u00e9union des Etats autour de la Convention des Nations unies sur la lutte contre la d\u00e9sertification (CNULCD) se tient du 9 au 20 mai 2022, \u00e0 Abidjan en C\u00f4te d\u2019Ivoire. Au menu des \u00e9changes, la d\u00e9sertification et la d\u00e9gradation des terres \u00e0 l\u2019\u00e9chelle de la plan\u00e8te. Pr\u00e9sents dans la capitale \u00e9conomique ivoirienne, [&hellip;]<\/p>\n","protected":false},"author":1816,"featured_media":0,"comment_status":"closed","ping_status":"closed","sticky":false,"template":"","format":"standard","meta":{"fifu_image_url":"","fifu_image_alt":"","footnotes":""},"categories":[73,81],"tags":[],"class_list":["post-147496","post","type-post","status-publish","format-standard","hentry","category-actualite","category-burkina-faso"],"_links":{"self":[{"href":"https:\/\/linitiative.ca\/International\/wp-json\/wp\/v2\/posts\/147496","targetHints":{"allow":["GET"]}}],"collection":[{"href":"https:\/\/linitiative.ca\/International\/wp-json\/wp\/v2\/posts"}],"about":[{"href":"https:\/\/linitiative.ca\/International\/wp-json\/wp\/v2\/types\/post"}],"author":[{"embeddable":true,"href":"https:\/\/linitiative.ca\/International\/wp-json\/wp\/v2\/users\/1816"}],"replies":[{"embeddable":true,"href":"https:\/\/linitiative.ca\/International\/wp-json\/wp\/v2\/comments?post=147496"}],"version-history":[{"count":0,"href":"https:\/\/linitiative.ca\/International\/wp-json\/wp\/v2\/posts\/147496\/revisions"}],"wp:attachment":[{"href":"https:\/\/linitiative.ca\/International\/wp-json\/wp\/v2\/media?parent=147496"}],"wp:term":[{"taxonomy":"category","embeddable":true,"href":"https:\/\/linitiative.ca\/International\/wp-json\/wp\/v2\/categories?post=147496"},{"taxonomy":"post_tag","embeddable":true,"href":"https:\/\/linitiative.ca\/International\/wp-json\/wp\/v2\/tags?post=147496"}],"curies":[{"name":"wp","href":"https:\/\/api.w.org\/{rel}","templated":true}]}}