{"id":147497,"date":"2022-05-11T14:18:03","date_gmt":"2022-05-11T18:18:03","guid":{"rendered":"https:\/\/linitiative.ca\/International\/a-dakar-les-ouest-africains-pensent-la-democratie\/"},"modified":"2022-05-11T14:18:03","modified_gmt":"2022-05-11T18:18:03","slug":"a-dakar-les-ouest-africains-pensent-la-democratie","status":"publish","type":"post","link":"https:\/\/linitiative.ca\/International\/a-dakar-les-ouest-africains-pensent-la-democratie\/","title":{"rendered":"A Dakar, les Ouest-africains pensent la d\u00e9mocratie"},"content":{"rendered":"<div>\n<p><img decoding=\"async\" width=\"1024\" height=\"768\" src=\"https:\/\/linitiative.ca\/International\/wp-content\/uploads\/sites\/23\/2022\/05\/16522930836736.jpg\" class=\"attachment-post-thumbnail size-post-thumbnail wp-post-image\" alt=\"\" loading=\"lazy\" srcset=\"https:\/\/linitiative.ca\/International\/wp-content\/uploads\/sites\/23\/2022\/05\/16522930836736.jpg 1024w, https:\/\/www.journalducameroun.com\/wp-content\/uploads\/2022\/05\/16522930836736-300x225.jpg 300w, https:\/\/www.journalducameroun.com\/wp-content\/uploads\/2022\/05\/16522930836736-768x576.jpg 768w, https:\/\/www.journalducameroun.com\/wp-content\/uploads\/2022\/05\/16522930836736-587x440.jpg 587w, https:\/\/www.journalducameroun.com\/wp-content\/uploads\/2022\/05\/16522930836736-600x450.jpg 600w\" sizes=\"auto, (max-width: 1024px) 100vw, 1024px\"><\/p>\n<p>Autour du jeune think tank Wathi, des chercheurs ouest-africains se r\u00e9unissent durant trois jours, \u00e0 Dakar, pour se pencher sur l&rsquo;\u00e9tat de la d\u00e9mocratie dans la sous-r\u00e9gion.Comment va la d\u00e9mocratie en Afrique de l&rsquo;Ouest ? La question a domin\u00e9 les discussions mercredi 11 mai lors de l&rsquo;ouverture de la septi\u00e8me \u00e9dition de la rencontre \u00ab Solution Think Tank \u00bb (STT) qui se tient \u00e0 Dakar, au S\u00e9n\u00e9gal, sous le th\u00e8me \u00ab Les pratiques politiques : Gouvernance politique, \u00e9conomique et stabilit\u00e9 en Afrique de l&rsquo;Ouest \u00bb.<\/p>\n<p>L&rsquo;\u00e9v\u00e8nement qui se tient sur trois jours est une initiative du jeune centre de r\u00e9flexion ouest-africain Wathi (West african think tank), soutenu par la fondation allemande Konrad Adenauer Stiftung.<\/p>\n<p>Ministre d&rsquo;Etat aupr\u00e8s de la pr\u00e9sidence de la R\u00e9publique du S\u00e9n\u00e9gal, Isma\u00efla Madior Fall, \u00e0 qui revenait la charge d&rsquo;inaugurer la rencontre, s&rsquo;est f\u00e9licit\u00e9 du choix d&rsquo;un th\u00e8me \u00ab qui touche les vrais probl\u00e9matiques de nos pays \u00bb. \u00ab Nous juristes, nous sommes habitu\u00e9s \u00e0 consid\u00e9rer que c&rsquo;est l&rsquo;\u00e9laboration des normes, de beaux textes qui nous permettent de r\u00e9gler le probl\u00e8me \u00bb, d\u00e9plore\u00a0celui qui est aussi professeur de droit public \u00e0 l&rsquo;universit\u00e9 de Dakar.<\/p>\n<p>L&rsquo;ancien ministre de la Justice du S\u00e9n\u00e9gal (2017-2019) pense que dans le principe, \u00ab la d\u00e9mocratie en Afrique de l&rsquo;Ouest est un acquis \u00bb. Mais il regrette que les pratiques politiques ne soient pas toujours conformes aux textes constitutionnels et aux lois. \u00ab Les pratiques du pouvoir affectent la structure de gouvernance. Il y a des pratiques politiques qui sont incompatibles avec une bonne gouvernance \u00bb, mart\u00e8le l&rsquo;ancien garde des sceaux s\u00e9n\u00e9galais.<\/p>\n<p>Fondateur et animateur de Wathi, l&rsquo;\u00e9conomiste et politologue b\u00e9ninois Gilles Yabi, estime, lui, qu&rsquo; \u00ab il y a des progr\u00e8s dans beaucoup de pays de la sous-r\u00e9gion \u00bb. \u00ab Si on observe sur la longue dur\u00e9e, il ne faut pas oublier par exemple, qu&rsquo;il y avait beaucoup plus de coups d&rsquo;Etat dans le pass\u00e9 et qui, \u00e0 ce moment-l\u00e0, ne s&rsquo;inscrivaient pas dans un cadre de transition \u00bb, rappelle-t-il. \u00ab Aujourd&rsquo;hui, on envisage plus qu&rsquo;un militaire s&rsquo;installe au pouvoir durablement \u00bb, confirme le ministre d&rsquo;Etat Isma\u00efla Madior Fall qui fait remarquer d&rsquo;ailleurs qu&rsquo;on assiste de plus en plus \u00e0 des \u00ab coups d&rsquo;Etat soft \u00bb, que beaucoup trouvent \u00ab plus ou moins sympathique \u00bb.<\/p>\n<p>Son h\u00f4te trouve n\u00e9anmoins qu&rsquo; \u00ab il faut admettre la r\u00e9alit\u00e9 \u00bb. \u00ab Lorsque vous avez un coup d&rsquo;Etat, le mal est d\u00e9j\u00e0 fait. Il ne faut plus se focaliser sur le principe. La question c&rsquo;est comment est-ce qu&rsquo;on fait pour que les transitions qui sont en place permettent non seulement de revenir \u00e0 un pouvoir civil et d\u00e9mocratique, mais permettent de changer les institutions \u00bb, philosophe le jeune pr\u00e9sident de Wathi.<\/p>\n<p>Pour Isma\u00efla Madior Fall, il ne faudrait pas limiter les probl\u00e8mes de la d\u00e9mocratie en Afrique de l&rsquo;Ouest uniquement \u00e0 des probl\u00e8mes d&rsquo;institutions. \u00a0\u00ab On a l&rsquo;impression que les progr\u00e8s d\u00e9mocratiques accentuent la pauvret\u00e9. C&rsquo;est \u00e7a le drame \u00bb, insiste le ministre d&rsquo;Etat s\u00e9n\u00e9galais, qui se veut pourtant \u00ab d&rsquo;un optimisme raisonnable \u00bb. Selon lui, l&rsquo;extension un peu partout des probl\u00e8mes de s\u00e9curit\u00e9 li\u00e9s aux groupes djihadistes ne rend pas les constructions d\u00e9mocratiques faciles dans cette partie de l&rsquo;Afrique.<\/p>\n<p>Cet article <a rel=\"nofollow\" href=\"https:\/\/www.journalducameroun.com\/a-dakar-les-ouest-africains-pensent-la-democratie\/\">A Dakar, les Ouest-africains pensent la d\u00e9mocratie<\/a> est apparu en premier sur <a rel=\"nofollow\" href=\"https:\/\/www.journalducameroun.com\/\">Journal du Cameroun<\/a>.<\/p>\n<\/div>\n<p>Auteur: APA News<br \/>\n<a href=\"https:\/\/www.journalducameroun.com\/a-dakar-les-ouest-africains-pensent-la-democratie\/\">Cliquez ici pour lire l&rsquo;article depuis sa source.<\/a><\/p>\n","protected":false},"excerpt":{"rendered":"<p>Autour du jeune think tank Wathi, des chercheurs ouest-africains se r\u00e9unissent durant trois jours, \u00e0 Dakar, pour se pencher sur l&rsquo;\u00e9tat de la d\u00e9mocratie dans la sous-r\u00e9gion.Comment va la d\u00e9mocratie en Afrique de l&rsquo;Ouest ? La question a domin\u00e9 les discussions mercredi 11 mai lors de l&rsquo;ouverture de la septi\u00e8me \u00e9dition de la rencontre \u00ab [&hellip;]<\/p>\n","protected":false},"author":1965,"featured_media":0,"comment_status":"closed","ping_status":"closed","sticky":false,"template":"","format":"standard","meta":{"fifu_image_url":"https:\/\/www.journalducameroun.com\/wp-content\/uploads\/2022\/05\/16522930836736.jpg","fifu_image_alt":"A Dakar, les Ouest-africains pensent la d\u00e9mocratie","footnotes":""},"categories":[73,82],"tags":[],"class_list":["post-147497","post","type-post","status-publish","format-standard","hentry","category-actualite","category-cameroun"],"_links":{"self":[{"href":"https:\/\/linitiative.ca\/International\/wp-json\/wp\/v2\/posts\/147497","targetHints":{"allow":["GET"]}}],"collection":[{"href":"https:\/\/linitiative.ca\/International\/wp-json\/wp\/v2\/posts"}],"about":[{"href":"https:\/\/linitiative.ca\/International\/wp-json\/wp\/v2\/types\/post"}],"author":[{"embeddable":true,"href":"https:\/\/linitiative.ca\/International\/wp-json\/wp\/v2\/users\/1965"}],"replies":[{"embeddable":true,"href":"https:\/\/linitiative.ca\/International\/wp-json\/wp\/v2\/comments?post=147497"}],"version-history":[{"count":0,"href":"https:\/\/linitiative.ca\/International\/wp-json\/wp\/v2\/posts\/147497\/revisions"}],"wp:attachment":[{"href":"https:\/\/linitiative.ca\/International\/wp-json\/wp\/v2\/media?parent=147497"}],"wp:term":[{"taxonomy":"category","embeddable":true,"href":"https:\/\/linitiative.ca\/International\/wp-json\/wp\/v2\/categories?post=147497"},{"taxonomy":"post_tag","embeddable":true,"href":"https:\/\/linitiative.ca\/International\/wp-json\/wp\/v2\/tags?post=147497"}],"curies":[{"name":"wp","href":"https:\/\/api.w.org\/{rel}","templated":true}]}}