{"id":147503,"date":"2022-05-11T17:01:37","date_gmt":"2022-05-11T21:01:37","guid":{"rendered":"https:\/\/linitiative.ca\/International\/cameroun-un-aeronef-transportant-11-personnes-secrase-a-nanga-eboko-officiel\/"},"modified":"2022-05-11T17:01:37","modified_gmt":"2022-05-11T21:01:37","slug":"cameroun-un-aeronef-transportant-11-personnes-secrase-a-nanga-eboko-officiel","status":"publish","type":"post","link":"https:\/\/linitiative.ca\/International\/cameroun-un-aeronef-transportant-11-personnes-secrase-a-nanga-eboko-officiel\/","title":{"rendered":"Cameroun : un a\u00e9ronef transportant 11 personnes s\u2019\u00e9crase \u00e0 Nanga Eboko (Officiel)"},"content":{"rendered":"<div>\n<p><img decoding=\"async\" width=\"1080\" height=\"810\" src=\"https:\/\/linitiative.ca\/International\/wp-content\/uploads\/sites\/23\/2022\/05\/IMG-20220511-WA0079.jpg\" class=\"attachment-post-thumbnail size-post-thumbnail wp-post-image\" alt=\"\" loading=\"lazy\" srcset=\"https:\/\/linitiative.ca\/International\/wp-content\/uploads\/sites\/23\/2022\/05\/IMG-20220511-WA0079.jpg 1080w, https:\/\/www.journalducameroun.com\/wp-content\/uploads\/2022\/05\/IMG-20220511-WA0079-300x225.jpg 300w, https:\/\/www.journalducameroun.com\/wp-content\/uploads\/2022\/05\/IMG-20220511-WA0079-1024x768.jpg 1024w, https:\/\/www.journalducameroun.com\/wp-content\/uploads\/2022\/05\/IMG-20220511-WA0079-768x576.jpg 768w, https:\/\/www.journalducameroun.com\/wp-content\/uploads\/2022\/05\/IMG-20220511-WA0079-587x440.jpg 587w, https:\/\/www.journalducameroun.com\/wp-content\/uploads\/2022\/05\/IMG-20220511-WA0079-600x450.jpg 600w\" sizes=\"auto, (max-width: 1080px) 100vw, 1080px\"><\/p>\n<h2>L&rsquo;appareil effectuait le trajet Yaound\u00e9-Nsimalen-Dompta-Belabo-Yaound\u00e9-Nsimalen ce 11 mai 2022.<\/h2>\n<p>\u00a0<\/p>\n<p>\u00a0<\/p>\n<p>\u00a0<\/p>\n<p>Les services de la circulation a\u00e9rienne ont perdu, ce mercredi 11 mai 2022, le contact radio avec un a\u00e9ronef effectuant le trajet sur la ligne indiqu\u00e9e ci-dessus, informe par communiqu\u00e9 le ministre des Transports Jean Ernest Mass\u00e9na Ngalle Bibehe, qui pr\u00e9cise que l&rsquo;a\u00e9ronef avait 11 personnes \u00e0 son bord.<\/p>\n<p>Selon le patron des Transports, apr\u00e8s des recherches d\u00e9ploy\u00e9es suite au constat de la disparition de cet appareil, ce dernier a \u00e9t\u00e9 localis\u00e9 dans la for\u00eat, non loin de la localit\u00e9 de Nanga Eboko, d\u00e9partement de la Haute Sanaga, r\u00e9gion du Centre. Dans son communiqu\u00e9, le ministre invite les populations locales \u00e0 apporter leur contribution dans les op\u00e9rations de sauvetage des occupants.<\/p>\n<p>Pour le moment, aucun bilan officiel n&rsquo;est disponible. Nous y reviendrons avec plus de d\u00e9tails.<\/p>\n<p>Cet article <a rel=\"nofollow\" href=\"https:\/\/www.journalducameroun.com\/cameroun-un-aeronef-transportant-11-personnes-secrase-a-nanga-eboko-officiel\/\">Cameroun : un a\u00e9ronef transportant 11 personnes s\u2019\u00e9crase \u00e0 Nanga Eboko (Officiel)<\/a> est apparu en premier sur <a rel=\"nofollow\" href=\"https:\/\/www.journalducameroun.com\/\">Journal du Cameroun<\/a>.<\/p>\n<\/div>\n<p>Auteur: Arnaud MAWEL<br \/>\n<a href=\"https:\/\/www.journalducameroun.com\/cameroun-un-aeronef-transportant-11-personnes-secrase-a-nanga-eboko-officiel\/\">Cliquez ici pour lire l&rsquo;article depuis sa source.<\/a><\/p>\n","protected":false},"excerpt":{"rendered":"<p>L&rsquo;appareil effectuait le trajet Yaound\u00e9-Nsimalen-Dompta-Belabo-Yaound\u00e9-Nsimalen ce 11 mai 2022. \u00a0 \u00a0 \u00a0 Les services de la circulation a\u00e9rienne ont perdu, ce mercredi 11 mai 2022, le contact radio avec un a\u00e9ronef effectuant le trajet sur la ligne indiqu\u00e9e ci-dessus, informe par communiqu\u00e9 le ministre des Transports Jean Ernest Mass\u00e9na Ngalle Bibehe, qui pr\u00e9cise que l&rsquo;a\u00e9ronef [&hellip;]<\/p>\n","protected":false},"author":1965,"featured_media":0,"comment_status":"closed","ping_status":"closed","sticky":false,"template":"","format":"standard","meta":{"fifu_image_url":"https:\/\/www.journalducameroun.com\/wp-content\/uploads\/2022\/05\/IMG-20220511-WA0079.jpg","fifu_image_alt":"Cameroun : un a\u00e9ronef transportant 11 personnes s\u2019\u00e9crase \u00e0 Nanga Eboko (Officiel)","footnotes":""},"categories":[73,82],"tags":[],"class_list":["post-147503","post","type-post","status-publish","format-standard","hentry","category-actualite","category-cameroun"],"_links":{"self":[{"href":"https:\/\/linitiative.ca\/International\/wp-json\/wp\/v2\/posts\/147503","targetHints":{"allow":["GET"]}}],"collection":[{"href":"https:\/\/linitiative.ca\/International\/wp-json\/wp\/v2\/posts"}],"about":[{"href":"https:\/\/linitiative.ca\/International\/wp-json\/wp\/v2\/types\/post"}],"author":[{"embeddable":true,"href":"https:\/\/linitiative.ca\/International\/wp-json\/wp\/v2\/users\/1965"}],"replies":[{"embeddable":true,"href":"https:\/\/linitiative.ca\/International\/wp-json\/wp\/v2\/comments?post=147503"}],"version-history":[{"count":0,"href":"https:\/\/linitiative.ca\/International\/wp-json\/wp\/v2\/posts\/147503\/revisions"}],"wp:attachment":[{"href":"https:\/\/linitiative.ca\/International\/wp-json\/wp\/v2\/media?parent=147503"}],"wp:term":[{"taxonomy":"category","embeddable":true,"href":"https:\/\/linitiative.ca\/International\/wp-json\/wp\/v2\/categories?post=147503"},{"taxonomy":"post_tag","embeddable":true,"href":"https:\/\/linitiative.ca\/International\/wp-json\/wp\/v2\/tags?post=147503"}],"curies":[{"name":"wp","href":"https:\/\/api.w.org\/{rel}","templated":true}]}}