{"id":147507,"date":"2022-05-11T13:41:04","date_gmt":"2022-05-11T17:41:04","guid":{"rendered":"https:\/\/linitiative.ca\/International\/electricite-apres-mbakaou-le-gouvernement-veut-construire-49-autres-mini-centrales-hydro-electriques-a-travers-le-pays\/"},"modified":"2022-05-11T13:41:04","modified_gmt":"2022-05-11T17:41:04","slug":"electricite-apres-mbakaou-le-gouvernement-veut-construire-49-autres-mini-centrales-hydro-electriques-a-travers-le-pays","status":"publish","type":"post","link":"https:\/\/linitiative.ca\/International\/electricite-apres-mbakaou-le-gouvernement-veut-construire-49-autres-mini-centrales-hydro-electriques-a-travers-le-pays\/","title":{"rendered":"Electricit\u00e9 :\u00a0apr\u00e8s Mbakaou, le gouvernement veut construire 49 autres mini-centrales hydro-\u00e9lectriques \u00e0 travers le pays"},"content":{"rendered":"<div>\n<p>Le 14 avril dernier, l\u2019Etat a officiellement r\u00e9ceptionn\u00e9 une mini-centrale hydro\u00e9lectrique dans la localit\u00e9 de \u00a0Mbakaou, situ\u00e9e dans le d\u00e9partement du Dj\u00e9rem, r\u00e9gion de l\u2019Adamaoua. C\u2019est le ministre de l\u2019Eau et de l\u2019Energie (Minee), Gaston Eloundou Essomba qui a proc\u00e9d\u00e9 \u00e0 sa r\u00e9ception\u00a0 solennelle. Il \u00e9tait accompagn\u00e9 de plusieurs partenaires techniques et m\u00eame financiers ayant particip\u00e9 \u00e0 la r\u00e9alisation de cette infrastructure, tels que le directeur g\u00e9n\u00e9ral de BGFIBank Abakal Mahamat. Mise en service depuis le 5 f\u00e9vrier 2022, cette petite centrale dot\u00e9e d\u2019une capacit\u00e9 de production de 1,5 MW a \u00a0permis de stabiliser la fourniture en \u00e9nergie \u00e9lectrique dans la ville de Tibati, et d\u2019alimenter de nombreuses localit\u00e9s environnantes. \u00abLa mise en marche de la petite centrale de Mbakaou (\u2026) permet d\u00e9j\u00e0 de desservir la ville de Tibati et les localit\u00e9s environnantes en \u00e9nergie \u00e9lectrique. A ce jour, six nouvelles localit\u00e9s sont desservies \u00e0 savoir Makendao, Liboum, Boningting, Naskoul et Gantang dans l\u2019arrondissement de Tibati ainsi que la localit\u00e9 de Combo dans l\u2019arrondissement de Ngaoundal. Dans ces localit\u00e9s, 332 nouveaux m\u00e9nages ont \u00e9t\u00e9 connect\u00e9es et la qualit\u00e9 du service de l\u2019\u00e9lectricit\u00e9 s\u2019est nettement am\u00e9lior\u00e9e pour les 25000 abonn\u00e9s d\u00e9j\u00e0 existants\u00bb a r\u00e9v\u00e9l\u00e9 Gaston Eloundou Essomba.<\/p>\n<p><strong>Lire aussi : <a href=\"https:\/\/ecomatin.net\/la-petite-centrale-hydroelectrique-de-mbakaou-149-mw-officiellement-receptionnee-par-letat\/\">La\u00a0petite centrale hydro\u00e9lectrique de Mbakaou (1,49 MW)\u00a0\u00a0officiellement r\u00e9ceptionn\u00e9e par l\u2019Etat<\/a><\/strong><\/p>\n<p>Actuellement, moins de 50% des capacit\u00e9s de production de la petite centrale de Mbakaou \u00a0sont utilis\u00e9es pour fournir l\u2019\u00e9nergie \u00e9lectrique aux populations de la ville de Tibati et les localit\u00e9s environnantes. C\u2019est pourquoi, le gouvernement envisage de proc\u00e9der aux extensions de r\u00e9seaux, de la ville de Tibati vers les villes de Ngaoundal et de Banyo.\u00a0D\u2019ailleurs, a-t-il rappel\u00e9, des \u00e9tudes d\u2019ex\u00e9cution des travaux de construction de la ligne \u00e9lectrique Moyenne tension de 30 kilovolts sur le tron\u00e7on Tibati-Ngaoundal sont en cours depuis juillet 2021. Tout comme ceux du tron\u00e7on Tibati-Banyo, qui ont \u00e9t\u00e9 int\u00e9gr\u00e9s dans les\u00a0 \u00e9tudes d\u2019Avant-projet d\u00e9taill\u00e9 du Projet d\u2019\u00e9lectrification rurale et d\u2019acc\u00e8s \u00e0 l\u2019\u00e9lectricit\u00e9.<\/p>\n<p><strong>Lire aussi : <a href=\"https:\/\/ecomatin.net\/production-energetique-la-mise-en-service-de-la-mini-centrale-de-mbakaou-a-nouveau-atermoyee-en-2022\/\">Production \u00e9nerg\u00e9tique : la mise en service de la mini-centrale de Mbakaou \u00e0 nouveau atermoy\u00e9e en 2022<\/a><\/strong><\/p>\n<p>La petite centrale \u00e9voqu\u00e9e supra est la toute premi\u00e8re mini-centrale hydro\u00e9lectrique construite dans le pays. D\u2019apr\u00e8s Gaston Eloundou Essomba, elle est le point de d\u00e9part d\u2019un vaste projet qui pr\u00e9voit la construction de 49 autres\u00a0 petites centrales hydro\u00e9lectriques \u00e0 travers le pays. \u00abAu regard des retomb\u00e9es socio-\u00e9conomiques induite par la petite centrale hydro\u00e9lectrique de Mbakaou Carri\u00e8re que nous avons \u00e9voqu\u00e9es, nous n\u2019allons pas nous arr\u00eater en si bon chemin, cette premi\u00e8re ayant vocation \u00e0 se poursuivre sur 49 autres sites du programme, d\u00e9j\u00e0 identifi\u00e9s dont celui, dont celui de Koudini, dans l\u2019arrondissement de B\u00e9lel, d\u00e9partement de la Vina\u00bb\u00a0a d\u00e9clar\u00e9 le Minee.<\/p>\n<p><strong>Lire aussi : <a href=\"https:\/\/ecomatin.net\/bgfi-cameroun-prefinance-le-barrage-de-mbakaou-a-hauteurr-de-115-milliard-de-fcfa\/\">BGFI Cameroun pr\u00e9finance le barrage de Mbakaou \u00e0 hauteur de 1,15 milliard de Fcfa<\/a><\/strong><\/p>\n<p>L\u2019article <a rel=\"nofollow\" href=\"https:\/\/ecomatin.net\/electricite-apres-mbakaou-le-gouvernement-veut-construire-49-autres-mini-centrales-hydro-electriques-a-travers-le-pays\/\">Electricit\u00e9 :\u00a0apr\u00e8s Mbakaou, le gouvernement veut construire 49 autres mini-centrales hydro-\u00e9lectriques \u00e0 travers le pays<\/a> est apparu en premier sur <a rel=\"nofollow\" href=\"https:\/\/ecomatin.net\/\">EcoMatin<\/a>.<\/p>\n<\/div>\n<p>Auteur: Paul Tjeg<br \/>\n<a href=\"https:\/\/ecomatin.net\/electricite-apres-mbakaou-le-gouvernement-veut-construire-49-autres-mini-centrales-hydro-electriques-a-travers-le-pays\/\">Cliquez ici pour lire l&rsquo;article depuis sa source.<\/a><\/p>\n","protected":false},"excerpt":{"rendered":"<p>Le 14 avril dernier, l\u2019Etat a officiellement r\u00e9ceptionn\u00e9 une mini-centrale hydro\u00e9lectrique dans la localit\u00e9 de \u00a0Mbakaou, situ\u00e9e dans le d\u00e9partement du Dj\u00e9rem, r\u00e9gion de l\u2019Adamaoua. C\u2019est le ministre de l\u2019Eau et de l\u2019Energie (Minee), Gaston Eloundou Essomba qui a proc\u00e9d\u00e9 \u00e0 sa r\u00e9ception\u00a0 solennelle. Il \u00e9tait accompagn\u00e9 de plusieurs partenaires techniques et m\u00eame financiers ayant [&hellip;]<\/p>\n","protected":false},"author":1969,"featured_media":0,"comment_status":"closed","ping_status":"closed","sticky":false,"template":"","format":"standard","meta":{"fifu_image_url":"","fifu_image_alt":"","footnotes":""},"categories":[82,78],"tags":[],"class_list":["post-147507","post","type-post","status-publish","format-standard","hentry","category-cameroun","category-economie"],"_links":{"self":[{"href":"https:\/\/linitiative.ca\/International\/wp-json\/wp\/v2\/posts\/147507","targetHints":{"allow":["GET"]}}],"collection":[{"href":"https:\/\/linitiative.ca\/International\/wp-json\/wp\/v2\/posts"}],"about":[{"href":"https:\/\/linitiative.ca\/International\/wp-json\/wp\/v2\/types\/post"}],"author":[{"embeddable":true,"href":"https:\/\/linitiative.ca\/International\/wp-json\/wp\/v2\/users\/1969"}],"replies":[{"embeddable":true,"href":"https:\/\/linitiative.ca\/International\/wp-json\/wp\/v2\/comments?post=147507"}],"version-history":[{"count":0,"href":"https:\/\/linitiative.ca\/International\/wp-json\/wp\/v2\/posts\/147507\/revisions"}],"wp:attachment":[{"href":"https:\/\/linitiative.ca\/International\/wp-json\/wp\/v2\/media?parent=147507"}],"wp:term":[{"taxonomy":"category","embeddable":true,"href":"https:\/\/linitiative.ca\/International\/wp-json\/wp\/v2\/categories?post=147507"},{"taxonomy":"post_tag","embeddable":true,"href":"https:\/\/linitiative.ca\/International\/wp-json\/wp\/v2\/tags?post=147507"}],"curies":[{"name":"wp","href":"https:\/\/api.w.org\/{rel}","templated":true}]}}