{"id":147508,"date":"2022-05-11T13:49:27","date_gmt":"2022-05-11T17:49:27","guid":{"rendered":"https:\/\/linitiative.ca\/International\/distinction-romuald-ntchuisseu-ngock-sacre-meilleur-presentateur-du-journal-jt-au-cameroun-en-2021\/"},"modified":"2022-05-11T13:49:27","modified_gmt":"2022-05-11T17:49:27","slug":"distinction-romuald-ntchuisseu-ngock-sacre-meilleur-presentateur-du-journal-jt-au-cameroun-en-2021","status":"publish","type":"post","link":"https:\/\/linitiative.ca\/International\/distinction-romuald-ntchuisseu-ngock-sacre-meilleur-presentateur-du-journal-jt-au-cameroun-en-2021\/","title":{"rendered":"Distinction\u00a0: Romuald Ntchuisseu Ngock sacr\u00e9 \u00ab\u00a0meilleur pr\u00e9sentateur du journal JT\u00a0\u00bb au Cameroun en 2021"},"content":{"rendered":"<div>\n<p>Le prix du meilleur pr\u00e9sentateur du journal TV au Cameroun de l\u2019ann\u00e9e 2021 revient au journaliste de la cha\u00eene nationale, Romuald Ntchuisseu Ngock. Le verdict a \u00e9t\u00e9 donn\u00e9 le 29 avril dernier \u00e0 Douala, au cours de la 12\u00e8me \u00e9dition du Prix africain de l\u2019Excellence en communication, Ascom Prize.\u00a0\u00a0<\/p>\n<p>Cette distinction lui a \u00e9t\u00e9 d\u00e9cern\u00e9e au terme d\u2019une enqu\u00eate r\u00e9alis\u00e9e \u00e0 l\u2019aide d\u2019une application num\u00e9rique sp\u00e9cialis\u00e9e pour l\u2019\u00e9v\u00e8nement et d\u2019un sondage r\u00e9alis\u00e9 sur les r\u00e9seaux sociaux. Aussi, note-t-on de cette prospection r\u00e9alis\u00e9e de f\u00e9vrier \u00e0 mars 2022, sur un \u00e9chantillon de 1000 personnes issues du monde des m\u00e9dias et du grand public, 58% des personnes interrog\u00e9es le trouvent \u00ab\u00a0\u00e9loquent, professionnel, cr\u00e9atif, captivant, avec une bonne relance et une bonne diction, charismatique et respectueux de l\u2019\u00e9thique et de la d\u00e9ontologie\u00a0\u00bb. Romuald Ntchuisseu Ngock est dipl\u00f4m\u00e9 de l\u2019\u00c9cole sup\u00e9rieure des sciences et techniques de l\u2019information et de la communication (Esstic) et titulaire d\u2019une ma\u00eetrise en lettres portant sur Marguerite Duras. Il commence la pr\u00e9sentation du JT de 20h30 le 25 d\u00e9cembre 2017 apr\u00e8s 4mois \u00e0 la pr\u00e9sentation du minuit. A cette date, il est le pr\u00e9sentateur de l\u2019\u00e9mission Actualit\u00e9 Hebdo sur les antennes de la Crtv.<\/p>\n<p>Pour rappel,\u00a0Ascom Prize a \u00e9t\u00e9 cr\u00e9\u00e9 en 2010 avec pour principal objectif de magnifier les journalistes qui se font d\u00e9marquer sur la sc\u00e8ne m\u00e9diatique. Ceci \u00e0 travers leur \u00ab\u00a0talent, professionnalisme, charisme, \u00e9loquence, bonne diction, cr\u00e9ativit\u00e9, et surtout le respect de l\u2019\u00e9thique d\u00e9ontologique\u00a0\u00bb dans l\u2019exercice de leur fonction.\u00a0\u00a0\u00a0\u00a0<\/p>\n<p>L\u2019article <a rel=\"nofollow\" href=\"https:\/\/ecomatin.net\/distinction-romuald-ntchuisseu-ngock-sacre-meilleur-presentateur-du-journal-jt-au-cameroun-en-2021\/\">Distinction\u00a0: Romuald Ntchuisseu Ngock sacr\u00e9 \u00ab\u00a0meilleur pr\u00e9sentateur du journal JT\u00a0\u00bb au Cameroun en 2021<\/a> est apparu en premier sur <a rel=\"nofollow\" href=\"https:\/\/ecomatin.net\/\">EcoMatin<\/a>.<\/p>\n<\/div>\n<p>Auteur: Mairamou Abdou<br \/>\n<a href=\"https:\/\/ecomatin.net\/distinction-romuald-ntchuisseu-ngock-sacre-meilleur-presentateur-du-journal-jt-au-cameroun-en-2021\/\">Cliquez ici pour lire l&rsquo;article depuis sa source.<\/a><\/p>\n","protected":false},"excerpt":{"rendered":"<p>Le prix du meilleur pr\u00e9sentateur du journal TV au Cameroun de l\u2019ann\u00e9e 2021 revient au journaliste de la cha\u00eene nationale, Romuald Ntchuisseu Ngock. Le verdict a \u00e9t\u00e9 donn\u00e9 le 29 avril dernier \u00e0 Douala, au cours de la 12\u00e8me \u00e9dition du Prix africain de l\u2019Excellence en communication, Ascom Prize.\u00a0\u00a0 Cette distinction lui a \u00e9t\u00e9 d\u00e9cern\u00e9e [&hellip;]<\/p>\n","protected":false},"author":1969,"featured_media":0,"comment_status":"closed","ping_status":"closed","sticky":false,"template":"","format":"standard","meta":{"fifu_image_url":"","fifu_image_alt":"","footnotes":""},"categories":[82,78],"tags":[],"class_list":["post-147508","post","type-post","status-publish","format-standard","hentry","category-cameroun","category-economie"],"_links":{"self":[{"href":"https:\/\/linitiative.ca\/International\/wp-json\/wp\/v2\/posts\/147508","targetHints":{"allow":["GET"]}}],"collection":[{"href":"https:\/\/linitiative.ca\/International\/wp-json\/wp\/v2\/posts"}],"about":[{"href":"https:\/\/linitiative.ca\/International\/wp-json\/wp\/v2\/types\/post"}],"author":[{"embeddable":true,"href":"https:\/\/linitiative.ca\/International\/wp-json\/wp\/v2\/users\/1969"}],"replies":[{"embeddable":true,"href":"https:\/\/linitiative.ca\/International\/wp-json\/wp\/v2\/comments?post=147508"}],"version-history":[{"count":0,"href":"https:\/\/linitiative.ca\/International\/wp-json\/wp\/v2\/posts\/147508\/revisions"}],"wp:attachment":[{"href":"https:\/\/linitiative.ca\/International\/wp-json\/wp\/v2\/media?parent=147508"}],"wp:term":[{"taxonomy":"category","embeddable":true,"href":"https:\/\/linitiative.ca\/International\/wp-json\/wp\/v2\/categories?post=147508"},{"taxonomy":"post_tag","embeddable":true,"href":"https:\/\/linitiative.ca\/International\/wp-json\/wp\/v2\/tags?post=147508"}],"curies":[{"name":"wp","href":"https:\/\/api.w.org\/{rel}","templated":true}]}}