{"id":147555,"date":"2022-05-12T16:32:51","date_gmt":"2022-05-12T20:32:51","guid":{"rendered":"https:\/\/linitiative.ca\/International\/tunisie-un-gouvernement-incoherent-sans-aucune-coordination-entre-ses-membres\/"},"modified":"2022-05-12T16:32:51","modified_gmt":"2022-05-12T20:32:51","slug":"tunisie-un-gouvernement-incoherent-sans-aucune-coordination-entre-ses-membres","status":"publish","type":"post","link":"https:\/\/linitiative.ca\/International\/tunisie-un-gouvernement-incoherent-sans-aucune-coordination-entre-ses-membres\/","title":{"rendered":"Tunisie \u2013 Un gouvernement incoh\u00e9rent sans aucune coordination entre ses membres\u00a0!"},"content":{"rendered":"<div>\n<p>La Tunisie n\u2019avait vraiment pas besoin de \u00e7a\u00a0! En pleine p\u00e9riode de crise tr\u00e8s profonde, aussi bien socio\u00e9conomique que politique, et alors que le pays a le plus besoin d\u2019une \u00e9quipe gouvernementale coh\u00e9rente et unie, et surtout, qui travaille \u00e0 l\u2019unisson, sur des programmes bien \u00e9tudi\u00e9s, et qui doivent \u00eatre respect\u00e9s par tous les membres [\u2026]<\/p>\n<p>L\u2019article <a href=\"https:\/\/www.tunisienumerique.com\/tunisie-un-gouvernement-incoherent-sans-aucune-coordination-entre-ses-membres\/\">Tunisie \u2013 Un gouvernement incoh\u00e9rent sans aucune coordination entre ses membres\u00a0!<\/a> est apparu en premier sur <a href=\"https:\/\/www.tunisienumerique.com\/\">Tunisie<\/a>.<\/p>\n<\/div>\n<p>Auteur: Saber .<br \/>\n<a href=\"https:\/\/www.tunisienumerique.com\/tunisie-un-gouvernement-incoherent-sans-aucune-coordination-entre-ses-membres\/\">Cliquez ici pour lire l&rsquo;article depuis sa source.<\/a><\/p>\n","protected":false},"excerpt":{"rendered":"<p>La Tunisie n\u2019avait vraiment pas besoin de \u00e7a\u00a0! En pleine p\u00e9riode de crise tr\u00e8s profonde, aussi bien socio\u00e9conomique que politique, et alors que le pays a le plus besoin d\u2019une \u00e9quipe gouvernementale coh\u00e9rente et unie, et surtout, qui travaille \u00e0 l\u2019unisson, sur des programmes bien \u00e9tudi\u00e9s, et qui doivent \u00eatre respect\u00e9s par tous les membres [&hellip;]<\/p>\n","protected":false},"author":1789,"featured_media":0,"comment_status":"closed","ping_status":"closed","sticky":false,"template":"","format":"standard","meta":{"fifu_image_url":"","fifu_image_alt":"","footnotes":""},"categories":[73,55],"tags":[],"class_list":["post-147555","post","type-post","status-publish","format-standard","hentry","category-actualite","category-tunisie"],"_links":{"self":[{"href":"https:\/\/linitiative.ca\/International\/wp-json\/wp\/v2\/posts\/147555","targetHints":{"allow":["GET"]}}],"collection":[{"href":"https:\/\/linitiative.ca\/International\/wp-json\/wp\/v2\/posts"}],"about":[{"href":"https:\/\/linitiative.ca\/International\/wp-json\/wp\/v2\/types\/post"}],"author":[{"embeddable":true,"href":"https:\/\/linitiative.ca\/International\/wp-json\/wp\/v2\/users\/1789"}],"replies":[{"embeddable":true,"href":"https:\/\/linitiative.ca\/International\/wp-json\/wp\/v2\/comments?post=147555"}],"version-history":[{"count":0,"href":"https:\/\/linitiative.ca\/International\/wp-json\/wp\/v2\/posts\/147555\/revisions"}],"wp:attachment":[{"href":"https:\/\/linitiative.ca\/International\/wp-json\/wp\/v2\/media?parent=147555"}],"wp:term":[{"taxonomy":"category","embeddable":true,"href":"https:\/\/linitiative.ca\/International\/wp-json\/wp\/v2\/categories?post=147555"},{"taxonomy":"post_tag","embeddable":true,"href":"https:\/\/linitiative.ca\/International\/wp-json\/wp\/v2\/tags?post=147555"}],"curies":[{"name":"wp","href":"https:\/\/api.w.org\/{rel}","templated":true}]}}