{"id":147557,"date":"2022-05-12T16:50:46","date_gmt":"2022-05-12T20:50:46","guid":{"rendered":"https:\/\/linitiative.ca\/International\/tunisie-trois-enfants-blesses-dans-lexplosion-dun-engin-indetermine-dans-une-decharge-publique\/"},"modified":"2022-05-12T16:50:46","modified_gmt":"2022-05-12T20:50:46","slug":"tunisie-trois-enfants-blesses-dans-lexplosion-dun-engin-indetermine-dans-une-decharge-publique","status":"publish","type":"post","link":"https:\/\/linitiative.ca\/International\/tunisie-trois-enfants-blesses-dans-lexplosion-dun-engin-indetermine-dans-une-decharge-publique\/","title":{"rendered":"Tunisie \u2013 Trois enfants bless\u00e9s dans l\u2019explosion d\u2019un engin ind\u00e9termin\u00e9 dans une d\u00e9charge publique"},"content":{"rendered":"<div>\n<p>Trois enfants de 12 \u00e0 17 ans ont \u00e9t\u00e9 bless\u00e9s, ce jeudi, dans la d\u00e9charge publique de la localit\u00e9 de Feriana, de la r\u00e9gion de Kasserine. L\u2019un des enfants a eu les doigts de la main amput\u00e9s dans l\u2019accident qui a consist\u00e9 en l\u2019explosion d\u2019un objet de nature ind\u00e9termin\u00e9e. Les trois enfants ont \u00e9t\u00e9 transf\u00e9r\u00e9s [\u2026]<\/p>\n<p>L\u2019article <a href=\"https:\/\/www.tunisienumerique.com\/tunisie-trois-enfants-blesses-dans-lexplosion-dun-engin-indetermine-dans-une-decharge-publique\/\">Tunisie \u2013 Trois enfants bless\u00e9s dans l\u2019explosion d\u2019un engin ind\u00e9termin\u00e9 dans une d\u00e9charge publique<\/a> est apparu en premier sur <a href=\"https:\/\/www.tunisienumerique.com\/\">Tunisie<\/a>.<\/p>\n<\/div>\n<p>Auteur: LM<br \/>\n<a href=\"https:\/\/www.tunisienumerique.com\/tunisie-trois-enfants-blesses-dans-lexplosion-dun-engin-indetermine-dans-une-decharge-publique\/\">Cliquez ici pour lire l&rsquo;article depuis sa source.<\/a><\/p>\n","protected":false},"excerpt":{"rendered":"<p>Trois enfants de 12 \u00e0 17 ans ont \u00e9t\u00e9 bless\u00e9s, ce jeudi, dans la d\u00e9charge publique de la localit\u00e9 de Feriana, de la r\u00e9gion de Kasserine. L\u2019un des enfants a eu les doigts de la main amput\u00e9s dans l\u2019accident qui a consist\u00e9 en l\u2019explosion d\u2019un objet de nature ind\u00e9termin\u00e9e. Les trois enfants ont \u00e9t\u00e9 transf\u00e9r\u00e9s [&hellip;]<\/p>\n","protected":false},"author":1789,"featured_media":0,"comment_status":"closed","ping_status":"closed","sticky":false,"template":"","format":"standard","meta":{"fifu_image_url":"","fifu_image_alt":"","footnotes":""},"categories":[73,55],"tags":[],"class_list":["post-147557","post","type-post","status-publish","format-standard","hentry","category-actualite","category-tunisie"],"_links":{"self":[{"href":"https:\/\/linitiative.ca\/International\/wp-json\/wp\/v2\/posts\/147557","targetHints":{"allow":["GET"]}}],"collection":[{"href":"https:\/\/linitiative.ca\/International\/wp-json\/wp\/v2\/posts"}],"about":[{"href":"https:\/\/linitiative.ca\/International\/wp-json\/wp\/v2\/types\/post"}],"author":[{"embeddable":true,"href":"https:\/\/linitiative.ca\/International\/wp-json\/wp\/v2\/users\/1789"}],"replies":[{"embeddable":true,"href":"https:\/\/linitiative.ca\/International\/wp-json\/wp\/v2\/comments?post=147557"}],"version-history":[{"count":0,"href":"https:\/\/linitiative.ca\/International\/wp-json\/wp\/v2\/posts\/147557\/revisions"}],"wp:attachment":[{"href":"https:\/\/linitiative.ca\/International\/wp-json\/wp\/v2\/media?parent=147557"}],"wp:term":[{"taxonomy":"category","embeddable":true,"href":"https:\/\/linitiative.ca\/International\/wp-json\/wp\/v2\/categories?post=147557"},{"taxonomy":"post_tag","embeddable":true,"href":"https:\/\/linitiative.ca\/International\/wp-json\/wp\/v2\/tags?post=147557"}],"curies":[{"name":"wp","href":"https:\/\/api.w.org\/{rel}","templated":true}]}}