{"id":147558,"date":"2022-05-12T16:56:06","date_gmt":"2022-05-12T20:56:06","guid":{"rendered":"https:\/\/linitiative.ca\/International\/exclusif-hammadi-jebali-na-pas-ete-arrete\/"},"modified":"2022-05-12T16:56:06","modified_gmt":"2022-05-12T20:56:06","slug":"exclusif-hammadi-jebali-na-pas-ete-arrete","status":"publish","type":"post","link":"https:\/\/linitiative.ca\/International\/exclusif-hammadi-jebali-na-pas-ete-arrete\/","title":{"rendered":"EXCLUSIF : \u00ab Hammadi Jebali n\u2019a pas \u00e9t\u00e9 arr\u00eat\u00e9 \u00bb"},"content":{"rendered":"<div>\n<p>Une source s\u00e9curitaire a confirm\u00e9 \u00e0 Tunisienumerique ce jeudi soir, que l\u2019ancien Chef du gouvernement nahdhaoui, Hammadi Jebali n\u2019a pas \u00e9t\u00e9 arr\u00eat\u00e9. Ajoutant qu\u2019il n\u2019a pas \u00e9t\u00e9 \u00ab\u00a0enlev\u00e9\u00a0\u00bb ou \u00ab\u00a0d\u00e9tenu\u00a0\u00bb, contrairement \u00e0 ce qui circulait, et que seule son \u00e9pouse, propri\u00e9taire de l\u2019atelier, est impliqu\u00e9e dans ce sujet. Il convient de noter que le minist\u00e8re [\u2026]<\/p>\n<p>L\u2019article <a href=\"https:\/\/www.tunisienumerique.com\/exclusif-hammadi-jebali-na-pas-ete-arrete\/\">EXCLUSIF : \u00ab Hammadi Jebali n\u2019a pas \u00e9t\u00e9 arr\u00eat\u00e9 \u00bb<\/a> est apparu en premier sur <a href=\"https:\/\/www.tunisienumerique.com\/\">Tunisie<\/a>.<\/p>\n<\/div>\n<p>Auteur: rania ben slimane<br \/>\n<a href=\"https:\/\/www.tunisienumerique.com\/exclusif-hammadi-jebali-na-pas-ete-arrete\/\">Cliquez ici pour lire l&rsquo;article depuis sa source.<\/a><\/p>\n","protected":false},"excerpt":{"rendered":"<p>Une source s\u00e9curitaire a confirm\u00e9 \u00e0 Tunisienumerique ce jeudi soir, que l\u2019ancien Chef du gouvernement nahdhaoui, Hammadi Jebali n\u2019a pas \u00e9t\u00e9 arr\u00eat\u00e9. Ajoutant qu\u2019il n\u2019a pas \u00e9t\u00e9 \u00ab\u00a0enlev\u00e9\u00a0\u00bb ou \u00ab\u00a0d\u00e9tenu\u00a0\u00bb, contrairement \u00e0 ce qui circulait, et que seule son \u00e9pouse, propri\u00e9taire de l\u2019atelier, est impliqu\u00e9e dans ce sujet. Il convient de noter que le minist\u00e8re [&hellip;]<\/p>\n","protected":false},"author":1789,"featured_media":0,"comment_status":"closed","ping_status":"closed","sticky":false,"template":"","format":"standard","meta":{"fifu_image_url":"","fifu_image_alt":"","footnotes":""},"categories":[73,55],"tags":[],"class_list":["post-147558","post","type-post","status-publish","format-standard","hentry","category-actualite","category-tunisie"],"_links":{"self":[{"href":"https:\/\/linitiative.ca\/International\/wp-json\/wp\/v2\/posts\/147558","targetHints":{"allow":["GET"]}}],"collection":[{"href":"https:\/\/linitiative.ca\/International\/wp-json\/wp\/v2\/posts"}],"about":[{"href":"https:\/\/linitiative.ca\/International\/wp-json\/wp\/v2\/types\/post"}],"author":[{"embeddable":true,"href":"https:\/\/linitiative.ca\/International\/wp-json\/wp\/v2\/users\/1789"}],"replies":[{"embeddable":true,"href":"https:\/\/linitiative.ca\/International\/wp-json\/wp\/v2\/comments?post=147558"}],"version-history":[{"count":0,"href":"https:\/\/linitiative.ca\/International\/wp-json\/wp\/v2\/posts\/147558\/revisions"}],"wp:attachment":[{"href":"https:\/\/linitiative.ca\/International\/wp-json\/wp\/v2\/media?parent=147558"}],"wp:term":[{"taxonomy":"category","embeddable":true,"href":"https:\/\/linitiative.ca\/International\/wp-json\/wp\/v2\/categories?post=147558"},{"taxonomy":"post_tag","embeddable":true,"href":"https:\/\/linitiative.ca\/International\/wp-json\/wp\/v2\/tags?post=147558"}],"curies":[{"name":"wp","href":"https:\/\/api.w.org\/{rel}","templated":true}]}}