{"id":147605,"date":"2022-05-13T13:08:21","date_gmt":"2022-05-13T17:08:21","guid":{"rendered":"https:\/\/linitiative.ca\/International\/maroc-ue-volonte-commune-de-renforcer-la-cooperation-economique\/"},"modified":"2022-05-13T13:08:21","modified_gmt":"2022-05-13T17:08:21","slug":"maroc-ue-volonte-commune-de-renforcer-la-cooperation-economique","status":"publish","type":"post","link":"https:\/\/linitiative.ca\/International\/maroc-ue-volonte-commune-de-renforcer-la-cooperation-economique\/","title":{"rendered":"Maroc-UE: Volont\u00e9 commune de renforcer la coop\u00e9ration \u00e9conomique"},"content":{"rendered":"<div>\n<div style=\"margin-bottom:20px;\"><img loading=\"lazy\" decoding=\"async\" width=\"750\" height=\"430\" src=\"https:\/\/linitiative.ca\/International\/wp-content\/uploads\/sites\/23\/2022\/05\/video-ue.jpg\" class=\"attachment-post-thumbnail size-post-thumbnail wp-post-image\" alt=\"\" srcset=\"https:\/\/linitiative.ca\/International\/wp-content\/uploads\/sites\/23\/2022\/05\/video-ue.jpg 750w, https:\/\/www.mapmarrakech.ma\/map\/uploads\/2022\/05\/video-ue-300x172.jpg 300w\" sizes=\"auto, (max-width: 750px) 100vw, 750px\"><\/div>\n<p>The post <a rel=\"nofollow\" href=\"https:\/\/www.mapmarrakech.ma\/fr\/maroc-ue-volonte-commune-de-renforcer-la-cooperation-economique-2\/\">Maroc-UE: Volont\u00e9 commune de renforcer la coop\u00e9ration \u00e9conomique<\/a> appeared first on <a rel=\"nofollow\" href=\"https:\/\/www.mapmarrakech.ma\/fr\">MapMarrakech<\/a>.<\/p>\n<\/div>\n<p>Auteur: Meriem IGASS<br \/>\n<a href=\"https:\/\/www.mapmarrakech.ma\/fr\/maroc-ue-volonte-commune-de-renforcer-la-cooperation-economique-2\/\">Cliquez ici pour lire l&rsquo;article depuis sa source.<\/a><\/p>\n","protected":false},"excerpt":{"rendered":"<p>The post Maroc-UE: Volont\u00e9 commune de renforcer la coop\u00e9ration \u00e9conomique appeared first on MapMarrakech. Auteur: Meriem IGASS Cliquez ici pour lire l&rsquo;article depuis sa source.<\/p>\n","protected":false},"author":1788,"featured_media":0,"comment_status":"closed","ping_status":"closed","sticky":false,"template":"","format":"standard","meta":{"fifu_image_url":"https:\/\/www.mapmarrakech.ma\/map\/uploads\/2022\/05\/video-ue.jpg","fifu_image_alt":"Maroc-UE: Volont\u00e9 commune de renforcer la coop\u00e9ration \u00e9conomique","footnotes":""},"categories":[54,76],"tags":[],"class_list":["post-147605","post","type-post","status-publish","format-standard","hentry","category-maroc","category-regions"],"_links":{"self":[{"href":"https:\/\/linitiative.ca\/International\/wp-json\/wp\/v2\/posts\/147605","targetHints":{"allow":["GET"]}}],"collection":[{"href":"https:\/\/linitiative.ca\/International\/wp-json\/wp\/v2\/posts"}],"about":[{"href":"https:\/\/linitiative.ca\/International\/wp-json\/wp\/v2\/types\/post"}],"author":[{"embeddable":true,"href":"https:\/\/linitiative.ca\/International\/wp-json\/wp\/v2\/users\/1788"}],"replies":[{"embeddable":true,"href":"https:\/\/linitiative.ca\/International\/wp-json\/wp\/v2\/comments?post=147605"}],"version-history":[{"count":0,"href":"https:\/\/linitiative.ca\/International\/wp-json\/wp\/v2\/posts\/147605\/revisions"}],"wp:attachment":[{"href":"https:\/\/linitiative.ca\/International\/wp-json\/wp\/v2\/media?parent=147605"}],"wp:term":[{"taxonomy":"category","embeddable":true,"href":"https:\/\/linitiative.ca\/International\/wp-json\/wp\/v2\/categories?post=147605"},{"taxonomy":"post_tag","embeddable":true,"href":"https:\/\/linitiative.ca\/International\/wp-json\/wp\/v2\/tags?post=147605"}],"curies":[{"name":"wp","href":"https:\/\/api.w.org\/{rel}","templated":true}]}}