{"id":147611,"date":"2022-05-13T13:40:54","date_gmt":"2022-05-13T17:40:54","guid":{"rendered":"https:\/\/linitiative.ca\/International\/lhydrogene-vert-une-opportunite-pour-atteindre-les-objectifs-climatiques\/"},"modified":"2022-05-13T13:40:54","modified_gmt":"2022-05-13T17:40:54","slug":"lhydrogene-vert-une-opportunite-pour-atteindre-les-objectifs-climatiques","status":"publish","type":"post","link":"https:\/\/linitiative.ca\/International\/lhydrogene-vert-une-opportunite-pour-atteindre-les-objectifs-climatiques\/","title":{"rendered":"L\u2019hydrog\u00e8ne vert, une opportunit\u00e9 pour atteindre les objectifs climatiques"},"content":{"rendered":"<div>\n<div style=\"margin-bottom:20px;\"><img loading=\"lazy\" decoding=\"async\" width=\"750\" height=\"430\" src=\"https:\/\/linitiative.ca\/International\/wp-content\/uploads\/sites\/23\/2022\/05\/odile-berd-copier.jpg\" class=\"attachment-post-thumbnail size-post-thumbnail wp-post-image\" alt=\"\" srcset=\"https:\/\/linitiative.ca\/International\/wp-content\/uploads\/sites\/23\/2022\/05\/odile-berd-copier.jpg 750w, https:\/\/www.mapmarrakech.ma\/map\/uploads\/2022\/05\/odile-berd-copier-300x172.jpg 300w\" sizes=\"auto, (max-width: 750px) 100vw, 750px\"><\/div>\n<p>\u00ab\u00a0Je pense que nous devons intensifier nos investissements pour renforcer notre mobilisation du secteur priv\u00e9 et pour soutenir l\u2019innovation dans les pays dans lesquels nous intervenons, notamment le Maroc o\u00f9 l\u2019hydrog\u00e8ne vert est une grande opportunit\u00e9 et une grande partie de la solution pour l\u2019avenir\u00a0\u00bb, a dit Mme Renaud-Basso lors d\u2019une conf\u00e9rence de presse tenue dans le cadre de la 31\u00e8me assembl\u00e9e g\u00e9n\u00e9rale (AG) annuelle de la BERD.<\/p>\n<p>Interrog\u00e9e sur la principale mesure de la future politique \u00e9nerg\u00e9tique de la Banque pour un d\u00e9veloppement vert, inclusif et r\u00e9silient qui se concentre sur les objectifs verts, Mme Renaud-Basso a soulign\u00e9 le r\u00f4le des \u00e9nergies renouvelables pour faire face au changement climatique en tant que partie \u00ab\u00a0tr\u00e8s importante\u00a0\u00bb de la solution, notamment actuellement eu \u00e9gard \u00e0 la question de la s\u00e9curit\u00e9 \u00e9nerg\u00e9tique.<\/p>\n<p>\u00ab\u00a0Une dimension importante de notre activit\u00e9 dans ce domaine est l\u2019efficacit\u00e9 \u00e9nerg\u00e9tique, a-t-elle dit, notant qu\u2019\u00e9conomiser de l\u2019\u00e9nergie et \u00eatre plus efficace est primordial, en particulier dans certains pays dans lesquels la BERD intervient\u00a0\u00bb.<\/p>\n<p>Et de soutenir que l\u2019efficacit\u00e9 \u00e9nerg\u00e9tique des b\u00e2timents dans le secteur industriel sera \u00e9galement une cl\u00e9 plus importante que jamais pour l\u2019agenda vert.<\/p>\n<p>\u00c9voquant l\u2019exemple du Maroc, elle s\u2019est f\u00e9licit\u00e9e du partenariat \u00ab\u00a0extr\u00eamement bon\u00a0\u00bb qui existe avec les banques locales, relevant que tous les types de financement qui existent dans la palette d\u2019intervention de la BERD sont pr\u00e9sents au Maroc \u00e0 savoir le financement pour le verdissement de l\u2019activit\u00e9 \u00e9conomique, pour des femmes et le d\u00e9veloppement des PME ainsi que la facilitation des projets digitaux au profit des jeunes.<\/p>\n<p>Par ailleurs, la pr\u00e9sidente de la BERD a not\u00e9, \u00e0 travers ses diff\u00e9rents contacts avec les acteurs \u00e9conomiques, un int\u00e9r\u00eat tr\u00e8s fort de l\u2019ensemble des acteurs \u00e9conomiques pour d\u00e9velopper leurs activit\u00e9s, d\u00e9j\u00e0 pr\u00e9sentes dans l\u2019Afrique subsaharienne.<\/p>\n<p>Plac\u00e9e sous le Haut Patronage de SM le Roi Mohammed VI, la 31\u00e8me assembl\u00e9e g\u00e9n\u00e9rale (AG) de la BERD, qui a pris fin jeudi \u00e0 Marrakech, a connu la participation des repr\u00e9sentants des 73 pays et actionnaires institutionnels de la Banque, dont le Maroc.<\/p>\n<p>Premier rassemblement physique de la BERD depuis Sarajevo en 2019, cet \u00e9v\u00e9nement, plac\u00e9 sous le th\u00e8me \u00ab\u00a0Relever les d\u00e9fis dans un monde turbulent\u00a0\u00bb, a \u00e9t\u00e9 une occasion pour d\u00e9battre des d\u00e9fis mondiaux tels que le soutien \u00e0 la croissance \u00e9conomique, la lutte contre le changement climatique et le renforcement de l\u2019environnement des affaires dans les r\u00e9gions o\u00f9 la Banque investit.<\/p>\n<p>The post <a rel=\"nofollow\" href=\"https:\/\/www.mapmarrakech.ma\/fr\/lhydrogene-vert-une-opportunite-pour-atteindre-les-objectifs-climatiques\/\">L\u2019hydrog\u00e8ne vert, une opportunit\u00e9 pour atteindre les objectifs climatiques<\/a> appeared first on <a rel=\"nofollow\" href=\"https:\/\/www.mapmarrakech.ma\/fr\">MapMarrakech<\/a>.<\/p>\n<\/div>\n<p>Auteur: Meriem IGASS<br \/>\n<a href=\"https:\/\/www.mapmarrakech.ma\/fr\/lhydrogene-vert-une-opportunite-pour-atteindre-les-objectifs-climatiques\/\">Cliquez ici pour lire l&rsquo;article depuis sa source.<\/a><\/p>\n","protected":false},"excerpt":{"rendered":"<p>\u00ab\u00a0Je pense que nous devons intensifier nos investissements pour renforcer notre mobilisation du secteur priv\u00e9 et pour soutenir l\u2019innovation dans les pays dans lesquels nous intervenons, notamment le Maroc o\u00f9 l\u2019hydrog\u00e8ne vert est une grande opportunit\u00e9 et une grande partie de la solution pour l\u2019avenir\u00a0\u00bb, a dit Mme Renaud-Basso lors d\u2019une conf\u00e9rence de presse tenue [&hellip;]<\/p>\n","protected":false},"author":1788,"featured_media":0,"comment_status":"closed","ping_status":"closed","sticky":false,"template":"","format":"standard","meta":{"fifu_image_url":"https:\/\/www.mapmarrakech.ma\/map\/uploads\/2022\/05\/odile-berd-copier.jpg","fifu_image_alt":"L\u2019hydrog\u00e8ne vert, une opportunit\u00e9 pour atteindre les objectifs climatiques","footnotes":""},"categories":[54,76],"tags":[],"class_list":["post-147611","post","type-post","status-publish","format-standard","hentry","category-maroc","category-regions"],"_links":{"self":[{"href":"https:\/\/linitiative.ca\/International\/wp-json\/wp\/v2\/posts\/147611","targetHints":{"allow":["GET"]}}],"collection":[{"href":"https:\/\/linitiative.ca\/International\/wp-json\/wp\/v2\/posts"}],"about":[{"href":"https:\/\/linitiative.ca\/International\/wp-json\/wp\/v2\/types\/post"}],"author":[{"embeddable":true,"href":"https:\/\/linitiative.ca\/International\/wp-json\/wp\/v2\/users\/1788"}],"replies":[{"embeddable":true,"href":"https:\/\/linitiative.ca\/International\/wp-json\/wp\/v2\/comments?post=147611"}],"version-history":[{"count":0,"href":"https:\/\/linitiative.ca\/International\/wp-json\/wp\/v2\/posts\/147611\/revisions"}],"wp:attachment":[{"href":"https:\/\/linitiative.ca\/International\/wp-json\/wp\/v2\/media?parent=147611"}],"wp:term":[{"taxonomy":"category","embeddable":true,"href":"https:\/\/linitiative.ca\/International\/wp-json\/wp\/v2\/categories?post=147611"},{"taxonomy":"post_tag","embeddable":true,"href":"https:\/\/linitiative.ca\/International\/wp-json\/wp\/v2\/tags?post=147611"}],"curies":[{"name":"wp","href":"https:\/\/api.w.org\/{rel}","templated":true}]}}