{"id":147615,"date":"2022-05-13T11:35:15","date_gmt":"2022-05-13T15:35:15","guid":{"rendered":"https:\/\/linitiative.ca\/International\/message-de-condoleances-et-de-compassion-de-sm-le-roi-a-sa-cheikh-mohammed-ben-zayed-al-nahyane\/"},"modified":"2022-05-13T11:35:15","modified_gmt":"2022-05-13T15:35:15","slug":"message-de-condoleances-et-de-compassion-de-sm-le-roi-a-sa-cheikh-mohammed-ben-zayed-al-nahyane","status":"publish","type":"post","link":"https:\/\/linitiative.ca\/International\/message-de-condoleances-et-de-compassion-de-sm-le-roi-a-sa-cheikh-mohammed-ben-zayed-al-nahyane\/","title":{"rendered":"Message de condol\u00e9ances et de compassion de SM le Roi \u00e0 SA Cheikh Mohammed Ben Zayed Al Nahyane"},"content":{"rendered":"<div>\n<div class=\"field field-name-body field-type-text-with-summary field-label-hidden\">\n<div class=\"field-items\">\n<div class=\"field-item even\" property=\"content:encoded\">\n<p>Sa Majest\u00e9 le Roi Mohammed VI a adress\u00e9 un message de condol\u00e9ances et de compassion \u00e0 SA Cheikh Mohammed Ben Zayed Al Nahyane, Prince H\u00e9ritier d&rsquo;Abou Dhabi, Commandant supr\u00eame adjoint des Forces Arm\u00e9es de l\u2019Etat des Emirats Arabes Unis, suite au d\u00e9c\u00e8s de SA Cheikh Khalifa Ben Zayed Al Nahyane, Pr\u00e9sident de l\u2019Etat des Emirats Arabes Unis.<\/p>\n<\/div>\n<\/div>\n<\/div>\n<\/div>\n<p>Auteur: mbasraoui<br \/>\n<a href=\"https:\/\/www.leconomiste.com\/flash-infos\/message-de-condoleances-et-de-compassion-de-sm-le-roi-sa-cheikh-mohammed-ben-zayed-al\">Cliquez ici pour lire l&rsquo;article depuis sa source.<\/a><\/p>\n","protected":false},"excerpt":{"rendered":"<p>Sa Majest\u00e9 le Roi Mohammed VI a adress\u00e9 un message de condol\u00e9ances et de compassion \u00e0 SA Cheikh Mohammed Ben Zayed Al Nahyane, Prince H\u00e9ritier d&rsquo;Abou Dhabi, Commandant supr\u00eame adjoint des Forces Arm\u00e9es de l\u2019Etat des Emirats Arabes Unis, suite au d\u00e9c\u00e8s de SA Cheikh Khalifa Ben Zayed Al Nahyane, Pr\u00e9sident de l\u2019Etat des Emirats [&hellip;]<\/p>\n","protected":false},"author":1763,"featured_media":0,"comment_status":"closed","ping_status":"closed","sticky":false,"template":"","format":"standard","meta":{"fifu_image_url":"","fifu_image_alt":"","footnotes":""},"categories":[78,54],"tags":[],"class_list":["post-147615","post","type-post","status-publish","format-standard","hentry","category-economie","category-maroc"],"_links":{"self":[{"href":"https:\/\/linitiative.ca\/International\/wp-json\/wp\/v2\/posts\/147615","targetHints":{"allow":["GET"]}}],"collection":[{"href":"https:\/\/linitiative.ca\/International\/wp-json\/wp\/v2\/posts"}],"about":[{"href":"https:\/\/linitiative.ca\/International\/wp-json\/wp\/v2\/types\/post"}],"author":[{"embeddable":true,"href":"https:\/\/linitiative.ca\/International\/wp-json\/wp\/v2\/users\/1763"}],"replies":[{"embeddable":true,"href":"https:\/\/linitiative.ca\/International\/wp-json\/wp\/v2\/comments?post=147615"}],"version-history":[{"count":0,"href":"https:\/\/linitiative.ca\/International\/wp-json\/wp\/v2\/posts\/147615\/revisions"}],"wp:attachment":[{"href":"https:\/\/linitiative.ca\/International\/wp-json\/wp\/v2\/media?parent=147615"}],"wp:term":[{"taxonomy":"category","embeddable":true,"href":"https:\/\/linitiative.ca\/International\/wp-json\/wp\/v2\/categories?post=147615"},{"taxonomy":"post_tag","embeddable":true,"href":"https:\/\/linitiative.ca\/International\/wp-json\/wp\/v2\/tags?post=147615"}],"curies":[{"name":"wp","href":"https:\/\/api.w.org\/{rel}","templated":true}]}}