{"id":147616,"date":"2022-05-13T11:39:56","date_gmt":"2022-05-13T15:39:56","guid":{"rendered":"https:\/\/linitiative.ca\/International\/conseil-dadministration-cgem-renouvellement-des-instances-de-gouvernance\/"},"modified":"2022-05-13T11:39:56","modified_gmt":"2022-05-13T15:39:56","slug":"conseil-dadministration-cgem-renouvellement-des-instances-de-gouvernance","status":"publish","type":"post","link":"https:\/\/linitiative.ca\/International\/conseil-dadministration-cgem-renouvellement-des-instances-de-gouvernance\/","title":{"rendered":"Conseil d&rsquo;administration-CGEM: renouvellement des instances de gouvernance"},"content":{"rendered":"<div>\n<div class=\"field field-name-body field-type-text-with-summary field-label-hidden\">\n<div class=\"field-items\">\n<div class=\"field-item even\" property=\"content:encoded\">\n<div>\n<p class=\"rtejustify\">La CGEM a tenu son Conseil d\u2019Administration en pr\u00e9sence des Pr\u00e9sidents des CGEM R\u00e9gions et des f\u00e9d\u00e9rations internes nouvellement \u00e9lus ou r\u00e9\u00e9lus, suite au processus de renouvellement des instances de Gouvernance de la Conf\u00e9d\u00e9ration, lanc\u00e9 le 4 janvier dernier.<\/p>\n<\/div>\n<\/div>\n<\/div>\n<\/div>\n<\/div>\n<p>Auteur: mbasraoui<br \/>\n<a href=\"https:\/\/www.leconomiste.com\/flash-infos\/conseil-d-administration-cgem-renouvellement-des-instances-de-gouvernance\">Cliquez ici pour lire l&rsquo;article depuis sa source.<\/a><\/p>\n","protected":false},"excerpt":{"rendered":"<p>La CGEM a tenu son Conseil d\u2019Administration en pr\u00e9sence des Pr\u00e9sidents des CGEM R\u00e9gions et des f\u00e9d\u00e9rations internes nouvellement \u00e9lus ou r\u00e9\u00e9lus, suite au processus de renouvellement des instances de Gouvernance de la Conf\u00e9d\u00e9ration, lanc\u00e9 le 4 janvier dernier. Auteur: mbasraoui Cliquez ici pour lire l&rsquo;article depuis sa source.<\/p>\n","protected":false},"author":1763,"featured_media":0,"comment_status":"closed","ping_status":"closed","sticky":false,"template":"","format":"standard","meta":{"fifu_image_url":"","fifu_image_alt":"","footnotes":""},"categories":[78,54],"tags":[],"class_list":["post-147616","post","type-post","status-publish","format-standard","hentry","category-economie","category-maroc"],"_links":{"self":[{"href":"https:\/\/linitiative.ca\/International\/wp-json\/wp\/v2\/posts\/147616","targetHints":{"allow":["GET"]}}],"collection":[{"href":"https:\/\/linitiative.ca\/International\/wp-json\/wp\/v2\/posts"}],"about":[{"href":"https:\/\/linitiative.ca\/International\/wp-json\/wp\/v2\/types\/post"}],"author":[{"embeddable":true,"href":"https:\/\/linitiative.ca\/International\/wp-json\/wp\/v2\/users\/1763"}],"replies":[{"embeddable":true,"href":"https:\/\/linitiative.ca\/International\/wp-json\/wp\/v2\/comments?post=147616"}],"version-history":[{"count":0,"href":"https:\/\/linitiative.ca\/International\/wp-json\/wp\/v2\/posts\/147616\/revisions"}],"wp:attachment":[{"href":"https:\/\/linitiative.ca\/International\/wp-json\/wp\/v2\/media?parent=147616"}],"wp:term":[{"taxonomy":"category","embeddable":true,"href":"https:\/\/linitiative.ca\/International\/wp-json\/wp\/v2\/categories?post=147616"},{"taxonomy":"post_tag","embeddable":true,"href":"https:\/\/linitiative.ca\/International\/wp-json\/wp\/v2\/tags?post=147616"}],"curies":[{"name":"wp","href":"https:\/\/api.w.org\/{rel}","templated":true}]}}