{"id":147619,"date":"2022-05-13T14:08:00","date_gmt":"2022-05-13T18:08:00","guid":{"rendered":"https:\/\/linitiative.ca\/International\/maroc-halilhodzic-accepte-le-retour-de-mazraoui-ziyech-prochain-sur-la-liste\/"},"modified":"2022-05-13T14:08:00","modified_gmt":"2022-05-13T18:08:00","slug":"maroc-halilhodzic-accepte-le-retour-de-mazraoui-ziyech-prochain-sur-la-liste","status":"publish","type":"post","link":"https:\/\/linitiative.ca\/International\/maroc-halilhodzic-accepte-le-retour-de-mazraoui-ziyech-prochain-sur-la-liste\/","title":{"rendered":"Maroc : Halilhodzic accepte le retour de Mazraoui. Ziyech prochain sur la liste ?"},"content":{"rendered":"<div>Sur la sellette depuis plusieurs semaines, Vahid Halilhodzic va finalement conserver son poste \u00e0 la t\u00eate de l&rsquo;\u00e9quipe nationale du Maroc<\/div>\n<p>Auteur:<br \/>\n<a href=\"https:\/\/www.lebuteur.com\/article\/detail?titre=maroc-halilhodzic-accepte-le-retour-de-mazraoui-ziyech-prochain-sur-la-liste&#038;id=102864\">Cliquez ici pour lire l&rsquo;article depuis sa source.<\/a><\/p>\n","protected":false},"excerpt":{"rendered":"<p>Sur la sellette depuis plusieurs semaines, Vahid Halilhodzic va finalement conserver son poste \u00e0 la t\u00eate de l&rsquo;\u00e9quipe nationale du Maroc Auteur: Cliquez ici pour lire l&rsquo;article depuis sa source.<\/p>\n","protected":false},"author":1738,"featured_media":0,"comment_status":"closed","ping_status":"closed","sticky":false,"template":"","format":"standard","meta":{"fifu_image_url":"","fifu_image_alt":"","footnotes":""},"categories":[53,75],"tags":[],"class_list":["post-147619","post","type-post","status-publish","format-standard","hentry","category-algerie","category-sport"],"_links":{"self":[{"href":"https:\/\/linitiative.ca\/International\/wp-json\/wp\/v2\/posts\/147619","targetHints":{"allow":["GET"]}}],"collection":[{"href":"https:\/\/linitiative.ca\/International\/wp-json\/wp\/v2\/posts"}],"about":[{"href":"https:\/\/linitiative.ca\/International\/wp-json\/wp\/v2\/types\/post"}],"author":[{"embeddable":true,"href":"https:\/\/linitiative.ca\/International\/wp-json\/wp\/v2\/users\/1738"}],"replies":[{"embeddable":true,"href":"https:\/\/linitiative.ca\/International\/wp-json\/wp\/v2\/comments?post=147619"}],"version-history":[{"count":0,"href":"https:\/\/linitiative.ca\/International\/wp-json\/wp\/v2\/posts\/147619\/revisions"}],"wp:attachment":[{"href":"https:\/\/linitiative.ca\/International\/wp-json\/wp\/v2\/media?parent=147619"}],"wp:term":[{"taxonomy":"category","embeddable":true,"href":"https:\/\/linitiative.ca\/International\/wp-json\/wp\/v2\/categories?post=147619"},{"taxonomy":"post_tag","embeddable":true,"href":"https:\/\/linitiative.ca\/International\/wp-json\/wp\/v2\/tags?post=147619"}],"curies":[{"name":"wp","href":"https:\/\/api.w.org\/{rel}","templated":true}]}}