{"id":147621,"date":"2022-05-13T06:00:00","date_gmt":"2022-05-13T10:00:00","guid":{"rendered":"https:\/\/linitiative.ca\/International\/nizar-ben-neji-ministre-des-technologies-de-la-communication-accelerer-lavancee-numerique\/"},"modified":"2022-05-13T06:00:00","modified_gmt":"2022-05-13T10:00:00","slug":"nizar-ben-neji-ministre-des-technologies-de-la-communication-accelerer-lavancee-numerique","status":"publish","type":"post","link":"https:\/\/linitiative.ca\/International\/nizar-ben-neji-ministre-des-technologies-de-la-communication-accelerer-lavancee-numerique\/","title":{"rendered":"Nizar Ben Neji, Ministre des Technologies de la communication: Acc\u00e9l\u00e9rer l\u2019avanc\u00e9e num\u00e9rique"},"content":{"rendered":"<div><img decoding=\"async\" src=\"https:\/\/linitiative.ca\/International\/wp-content\/uploads\/sites\/23\/2022\/05\/1652428378_article.jpg\" alt=\"Nizar Ben Neji, Ministre des Technologies de la communication: Acc\u00e9l\u00e9rer l\u2019avanc\u00e9e num\u00e9rique\" align=\"left\">A 40 ans, Nizar Ben Neji est le plus jeune ministre du gouvernement. Jusque-l\u00e0 enseignant-chercheur et consultant expert international, f\u00e9ru de lecture et de recherche dans le domaine des technologies de l\u2019information et de la communication (TIC), le voici aux commandes. Tout s\u2019est rapidement enroul\u00e9. Savourant ses vacances estivales d\u2019universitaire, sa carri\u00e8re devait basculer ce soir-l\u00e0, lorsqu\u2019un appel t\u00e9l\u00e9phonique lui parvient du palais de Carthage. Les services de la pr\u00e9sidence voulaient v\u00e9rifier un renseignement le concernant, sans lui donner davantage de pr\u00e9cision.<br \/>\nS\u2019ensuit un silence radio, jusqu\u2019\u00e0 ce qu\u2019il soit invit\u00e9 \u00e0 se rendre \u00e0 la Pr\u00e9sidence: il &#8230;<\/p>\n<\/div>\n<p>Auteur:<br \/>\n<a href=\"https:\/\/www.leaders.com.tn\/article\/33336-nizar-ben-neji-ministre-des-technologies-de-la-communication-accelerer-l-avancee-numerique\">Cliquez ici pour lire l&rsquo;article depuis sa source.<\/a><\/p>\n","protected":false},"excerpt":{"rendered":"<p>A 40 ans, Nizar Ben Neji est le plus jeune ministre du gouvernement. Jusque-l\u00e0 enseignant-chercheur et consultant expert international, f\u00e9ru de lecture et de recherche dans le domaine des technologies de l\u2019information et de la communication (TIC), le voici aux commandes. Tout s\u2019est rapidement enroul\u00e9. Savourant ses vacances estivales d\u2019universitaire, sa carri\u00e8re devait basculer ce [&hellip;]<\/p>\n","protected":false},"author":1772,"featured_media":0,"comment_status":"closed","ping_status":"closed","sticky":false,"template":"","format":"standard","meta":{"fifu_image_url":"http:\/\/www.leaders.com.tn\/uploads\/content\/thumbnails_small\/1652428378_article.jpg","fifu_image_alt":"Nizar Ben Neji, Ministre des Technologies de la communication: Acc\u00e9l\u00e9rer l\u2019avanc\u00e9e num\u00e9rique","footnotes":""},"categories":[73,55],"tags":[],"class_list":["post-147621","post","type-post","status-publish","format-standard","hentry","category-actualite","category-tunisie"],"_links":{"self":[{"href":"https:\/\/linitiative.ca\/International\/wp-json\/wp\/v2\/posts\/147621","targetHints":{"allow":["GET"]}}],"collection":[{"href":"https:\/\/linitiative.ca\/International\/wp-json\/wp\/v2\/posts"}],"about":[{"href":"https:\/\/linitiative.ca\/International\/wp-json\/wp\/v2\/types\/post"}],"author":[{"embeddable":true,"href":"https:\/\/linitiative.ca\/International\/wp-json\/wp\/v2\/users\/1772"}],"replies":[{"embeddable":true,"href":"https:\/\/linitiative.ca\/International\/wp-json\/wp\/v2\/comments?post=147621"}],"version-history":[{"count":0,"href":"https:\/\/linitiative.ca\/International\/wp-json\/wp\/v2\/posts\/147621\/revisions"}],"wp:attachment":[{"href":"https:\/\/linitiative.ca\/International\/wp-json\/wp\/v2\/media?parent=147621"}],"wp:term":[{"taxonomy":"category","embeddable":true,"href":"https:\/\/linitiative.ca\/International\/wp-json\/wp\/v2\/categories?post=147621"},{"taxonomy":"post_tag","embeddable":true,"href":"https:\/\/linitiative.ca\/International\/wp-json\/wp\/v2\/tags?post=147621"}],"curies":[{"name":"wp","href":"https:\/\/api.w.org\/{rel}","templated":true}]}}