{"id":147625,"date":"2022-05-13T07:20:00","date_gmt":"2022-05-13T11:20:00","guid":{"rendered":"https:\/\/linitiative.ca\/International\/joey-hood-pressenti-nouvel-ambassadeur-des-etats-unis-damerique-a-tunis\/"},"modified":"2022-05-13T07:20:00","modified_gmt":"2022-05-13T11:20:00","slug":"joey-hood-pressenti-nouvel-ambassadeur-des-etats-unis-damerique-a-tunis","status":"publish","type":"post","link":"https:\/\/linitiative.ca\/International\/joey-hood-pressenti-nouvel-ambassadeur-des-etats-unis-damerique-a-tunis\/","title":{"rendered":"Joey Hood pressenti nouvel ambassadeur des \u00c9tats &#8211; Unis d\u2019Am\u00e9rique \u00e0 Tunis"},"content":{"rendered":"<div><img decoding=\"async\" src=\"https:\/\/linitiative.ca\/International\/wp-content\/uploads\/sites\/23\/2022\/05\/1652437243_article.jpg\" alt=\"Joey Hood pressenti nouvel ambassadeur des \u00c9tats - Unis d\u2019Am\u00e9rique \u00e0 Tunis \" align=\"left\">C\u2019est un diplomate de carri\u00e8re, Joey Hood, qui conna\u00eet bien la Tunisie que le pr\u00e9sident Joe Biden envisage de proposer au Congress pour le poste d\u2019ambassadeur des \u00c9tats-Unis d\u2019Am\u00e9rique \u00e0 Tunis. Il \u00e9tait jusqu\u2019au 15 avril dernier, secr\u00e9taire d&rsquo;\u00c9tat adjoint principal pour les affaires du Proche-Orient. M. Hood avait fait partie de la d\u00e9l\u00e9gation am\u00e9ricaine venue \u00e0 Tunis en ao\u00fbt dernier, rencontrer le pr\u00e9sident Kais Saied. Il succ\u00e8dera \u00e0 Donald Blome devant \u00eatre nomm\u00e9 ambassadeur au Pakistan.<br \/>\nJoey Hood a effectu\u00e9 une grande partie de sa carri\u00e8re diplomatique au Moyen-Orient, notamment en Irak, au Kowe\u00eft et en Arabie saoudite. Il a \u00e9galement occup\u00e9 le poste de &#8230;<\/p>\n<\/div>\n<p>Auteur:<br \/>\n<a href=\"https:\/\/www.leaders.com.tn\/article\/33338-joey-hood-pressenti-nouvel-ambassadeur-des-etats-unis-d-amerique-a-tunis\">Cliquez ici pour lire l&rsquo;article depuis sa source.<\/a><\/p>\n","protected":false},"excerpt":{"rendered":"<p>C\u2019est un diplomate de carri\u00e8re, Joey Hood, qui conna\u00eet bien la Tunisie que le pr\u00e9sident Joe Biden envisage de proposer au Congress pour le poste d\u2019ambassadeur des \u00c9tats-Unis d\u2019Am\u00e9rique \u00e0 Tunis. Il \u00e9tait jusqu\u2019au 15 avril dernier, secr\u00e9taire d&rsquo;\u00c9tat adjoint principal pour les affaires du Proche-Orient. M. Hood avait fait partie de la d\u00e9l\u00e9gation am\u00e9ricaine [&hellip;]<\/p>\n","protected":false},"author":1772,"featured_media":0,"comment_status":"closed","ping_status":"closed","sticky":false,"template":"","format":"standard","meta":{"fifu_image_url":"http:\/\/www.leaders.com.tn\/uploads\/content\/thumbnails_small\/1652437243_article.jpg","fifu_image_alt":"Joey Hood pressenti nouvel ambassadeur des \u00c9tats - Unis d\u2019Am\u00e9rique \u00e0 Tunis","footnotes":""},"categories":[73,55],"tags":[],"class_list":["post-147625","post","type-post","status-publish","format-standard","hentry","category-actualite","category-tunisie"],"_links":{"self":[{"href":"https:\/\/linitiative.ca\/International\/wp-json\/wp\/v2\/posts\/147625","targetHints":{"allow":["GET"]}}],"collection":[{"href":"https:\/\/linitiative.ca\/International\/wp-json\/wp\/v2\/posts"}],"about":[{"href":"https:\/\/linitiative.ca\/International\/wp-json\/wp\/v2\/types\/post"}],"author":[{"embeddable":true,"href":"https:\/\/linitiative.ca\/International\/wp-json\/wp\/v2\/users\/1772"}],"replies":[{"embeddable":true,"href":"https:\/\/linitiative.ca\/International\/wp-json\/wp\/v2\/comments?post=147625"}],"version-history":[{"count":0,"href":"https:\/\/linitiative.ca\/International\/wp-json\/wp\/v2\/posts\/147625\/revisions"}],"wp:attachment":[{"href":"https:\/\/linitiative.ca\/International\/wp-json\/wp\/v2\/media?parent=147625"}],"wp:term":[{"taxonomy":"category","embeddable":true,"href":"https:\/\/linitiative.ca\/International\/wp-json\/wp\/v2\/categories?post=147625"},{"taxonomy":"post_tag","embeddable":true,"href":"https:\/\/linitiative.ca\/International\/wp-json\/wp\/v2\/tags?post=147625"}],"curies":[{"name":"wp","href":"https:\/\/api.w.org\/{rel}","templated":true}]}}