{"id":147627,"date":"2022-05-13T11:41:00","date_gmt":"2022-05-13T15:41:00","guid":{"rendered":"https:\/\/linitiative.ca\/International\/le-parcours-de-nizar-ben-neji-ministre-des-technologies-de-la-communication\/"},"modified":"2022-05-13T11:41:00","modified_gmt":"2022-05-13T15:41:00","slug":"le-parcours-de-nizar-ben-neji-ministre-des-technologies-de-la-communication","status":"publish","type":"post","link":"https:\/\/linitiative.ca\/International\/le-parcours-de-nizar-ben-neji-ministre-des-technologies-de-la-communication\/","title":{"rendered":"Le parcours de Nizar Ben Neji ministre des Technologies de la communication"},"content":{"rendered":"<div><img decoding=\"async\" src=\"https:\/\/linitiative.ca\/International\/wp-content\/uploads\/sites\/23\/2022\/05\/1652452907_article.jpg\" alt=\"Le parcours de Nizar Ben Neji ministre des Technologies de la communication \" align=\"left\">Profil<br \/>\nN\u00e9 le 27 juin 1981, \u00e0 La Manouba<br \/>\nIssu d\u2019une famille d\u2019enseignants, p\u00e8re inspecteur p\u00e9dagogique dans l\u2019\u00e9ducation et m\u00e8re institutrice. Fils cadet ayant deux fr\u00e8res.\u00a0\u00a0<br \/>\n\u00c9tudes<br \/>\n\u2022 \u00c9cole primaire Ibn-Jazzar (Babassat) \u00e0 La Manouba<br \/>\n\u2022 Coll\u00e8ge Ibn-Rochd \u00e0 Denden<br \/>\n\u2022 Lyc\u00e9e Ibn Abi Dhief \u00e0 La Manouba<br \/>\nToujours le premier de sa classe, il a obtenu un baccalaur\u00e9at math\u00e9matique. Il \u00e9tait major de sa promotion pour la sp\u00e9cialit\u00e9 math\u00e9matique dans son lyc\u00e9e.<br \/>\nApr\u00e8s deux ann\u00e9es d\u2019\u00e9tudes pr\u00e9paratoires en math-physique \u00e0 l\u2019Institut pr\u00e9paratoire aux \u00e9tudes d\u2019ing\u00e9nieur de Tunis (Ipeit), il choisit de continuer ses \u00e9tudes d\u2019ing\u00e9nieur en &#8230;<\/p>\n<\/div>\n<p>Auteur:<br \/>\n<a href=\"https:\/\/www.leaders.com.tn\/article\/33340-le-parcours-de-nizar-ben-neji-ministre-des-technologies-de-la-communication\">Cliquez ici pour lire l&rsquo;article depuis sa source.<\/a><\/p>\n","protected":false},"excerpt":{"rendered":"<p>Profil N\u00e9 le 27 juin 1981, \u00e0 La Manouba Issu d\u2019une famille d\u2019enseignants, p\u00e8re inspecteur p\u00e9dagogique dans l\u2019\u00e9ducation et m\u00e8re institutrice. Fils cadet ayant deux fr\u00e8res.\u00a0\u00a0 \u00c9tudes \u2022 \u00c9cole primaire Ibn-Jazzar (Babassat) \u00e0 La Manouba \u2022 Coll\u00e8ge Ibn-Rochd \u00e0 Denden \u2022 Lyc\u00e9e Ibn Abi Dhief \u00e0 La Manouba Toujours le premier de sa classe, il [&hellip;]<\/p>\n","protected":false},"author":1772,"featured_media":0,"comment_status":"closed","ping_status":"closed","sticky":false,"template":"","format":"standard","meta":{"fifu_image_url":"http:\/\/www.leaders.com.tn\/uploads\/content\/thumbnails_small\/1652452907_article.jpg","fifu_image_alt":"Le parcours de Nizar Ben Neji ministre des Technologies de la communication","footnotes":""},"categories":[73,55],"tags":[],"class_list":["post-147627","post","type-post","status-publish","format-standard","hentry","category-actualite","category-tunisie"],"_links":{"self":[{"href":"https:\/\/linitiative.ca\/International\/wp-json\/wp\/v2\/posts\/147627","targetHints":{"allow":["GET"]}}],"collection":[{"href":"https:\/\/linitiative.ca\/International\/wp-json\/wp\/v2\/posts"}],"about":[{"href":"https:\/\/linitiative.ca\/International\/wp-json\/wp\/v2\/types\/post"}],"author":[{"embeddable":true,"href":"https:\/\/linitiative.ca\/International\/wp-json\/wp\/v2\/users\/1772"}],"replies":[{"embeddable":true,"href":"https:\/\/linitiative.ca\/International\/wp-json\/wp\/v2\/comments?post=147627"}],"version-history":[{"count":0,"href":"https:\/\/linitiative.ca\/International\/wp-json\/wp\/v2\/posts\/147627\/revisions"}],"wp:attachment":[{"href":"https:\/\/linitiative.ca\/International\/wp-json\/wp\/v2\/media?parent=147627"}],"wp:term":[{"taxonomy":"category","embeddable":true,"href":"https:\/\/linitiative.ca\/International\/wp-json\/wp\/v2\/categories?post=147627"},{"taxonomy":"post_tag","embeddable":true,"href":"https:\/\/linitiative.ca\/International\/wp-json\/wp\/v2\/tags?post=147627"}],"curies":[{"name":"wp","href":"https:\/\/api.w.org\/{rel}","templated":true}]}}