{"id":147631,"date":"2022-05-13T11:51:06","date_gmt":"2022-05-13T15:51:06","guid":{"rendered":"https:\/\/linitiative.ca\/International\/challenge-startupper-de-lannee-totalenergies-devoile-les-laureats-marocains-de-la-3eme-edition\/"},"modified":"2022-05-13T11:51:06","modified_gmt":"2022-05-13T15:51:06","slug":"challenge-startupper-de-lannee-totalenergies-devoile-les-laureats-marocains-de-la-3eme-edition","status":"publish","type":"post","link":"https:\/\/linitiative.ca\/International\/challenge-startupper-de-lannee-totalenergies-devoile-les-laureats-marocains-de-la-3eme-edition\/","title":{"rendered":"Challenge Startupper de l\u2019Ann\u00e9e\u00a0: TotalEnergies d\u00e9voile les laur\u00e9ats marocains de la 3\u00e8me \u00e9dition"},"content":{"rendered":"<div><img decoding=\"async\" width=\"1125\" height=\"655\" src=\"https:\/\/linitiative.ca\/International\/wp-content\/uploads\/sites\/23\/2022\/05\/71675.jpg\" class=\"attachment-post-thumbnail size-post-thumbnail wp-post-image\" alt=\"\" loading=\"lazy\" srcset=\"https:\/\/linitiative.ca\/International\/wp-content\/uploads\/sites\/23\/2022\/05\/71675.jpg 1125w, https:\/\/www.challenge.ma\/wp-content\/uploads\/2022\/05\/71675-300x175.jpg 300w, https:\/\/www.challenge.ma\/wp-content\/uploads\/2022\/05\/71675-1024x596.jpg 1024w, https:\/\/www.challenge.ma\/wp-content\/uploads\/2022\/05\/71675-768x447.jpg 768w, https:\/\/www.challenge.ma\/wp-content\/uploads\/2022\/05\/71675-360x210.jpg 360w, https:\/\/www.challenge.ma\/wp-content\/uploads\/2022\/05\/71675-750x437.jpg 750w\" sizes=\"auto, (max-width: 1125px) 100vw, 1125px\" itemprop=\"image\">Les 3 laur\u00e9ats marocains de la 3\u00e8me \u00e9dition du Challenge Startupper de l\u2019Ann\u00e9e par TotalEnergies sont d\u00e9sormais connus. Les gagnants de cette ann\u00e9e ont \u00e9t\u00e9 s\u00e9lectionn\u00e9s en fonction de leur alignement sur les\u00a0Objectifs de D\u00e9veloppement Durable\u00a0d\u00e9finis par l\u2019ONU, le\u00a0caract\u00e8re innovant\u00a0de leur projet et la\u00a0faisabilit\u00e9\u00a0de ce projet dans les ann\u00e9es \u00e0<\/div>\n<p>Auteur: Roland Amoussou<br \/>\n<a href=\"https:\/\/www.challenge.ma\/challenge-startupper-de-lannee-totalenergies-devoile-les-laureats-marocains-de-la-3eme-edition-238522\/\">Cliquez ici pour lire l&rsquo;article depuis sa source.<\/a><\/p>\n","protected":false},"excerpt":{"rendered":"<p>Les 3 laur\u00e9ats marocains de la 3\u00e8me \u00e9dition du Challenge Startupper de l\u2019Ann\u00e9e par TotalEnergies sont d\u00e9sormais connus. Les gagnants de cette ann\u00e9e ont \u00e9t\u00e9 s\u00e9lectionn\u00e9s en fonction de leur alignement sur les\u00a0Objectifs de D\u00e9veloppement Durable\u00a0d\u00e9finis par l\u2019ONU, le\u00a0caract\u00e8re innovant\u00a0de leur projet et la\u00a0faisabilit\u00e9\u00a0de ce projet dans les ann\u00e9es \u00e0 Auteur: Roland Amoussou Cliquez ici [&hellip;]<\/p>\n","protected":false},"author":1787,"featured_media":0,"comment_status":"closed","ping_status":"closed","sticky":false,"template":"","format":"standard","meta":{"fifu_image_url":"https:\/\/www.challenge.ma\/wp-content\/uploads\/2022\/05\/71675.jpg","fifu_image_alt":"Challenge Startupper de l\u2019Ann\u00e9e\u00a0: TotalEnergies d\u00e9voile les laur\u00e9ats marocains de la 3\u00e8me \u00e9dition","footnotes":""},"categories":[78,54],"tags":[],"class_list":["post-147631","post","type-post","status-publish","format-standard","hentry","category-economie","category-maroc"],"_links":{"self":[{"href":"https:\/\/linitiative.ca\/International\/wp-json\/wp\/v2\/posts\/147631","targetHints":{"allow":["GET"]}}],"collection":[{"href":"https:\/\/linitiative.ca\/International\/wp-json\/wp\/v2\/posts"}],"about":[{"href":"https:\/\/linitiative.ca\/International\/wp-json\/wp\/v2\/types\/post"}],"author":[{"embeddable":true,"href":"https:\/\/linitiative.ca\/International\/wp-json\/wp\/v2\/users\/1787"}],"replies":[{"embeddable":true,"href":"https:\/\/linitiative.ca\/International\/wp-json\/wp\/v2\/comments?post=147631"}],"version-history":[{"count":0,"href":"https:\/\/linitiative.ca\/International\/wp-json\/wp\/v2\/posts\/147631\/revisions"}],"wp:attachment":[{"href":"https:\/\/linitiative.ca\/International\/wp-json\/wp\/v2\/media?parent=147631"}],"wp:term":[{"taxonomy":"category","embeddable":true,"href":"https:\/\/linitiative.ca\/International\/wp-json\/wp\/v2\/categories?post=147631"},{"taxonomy":"post_tag","embeddable":true,"href":"https:\/\/linitiative.ca\/International\/wp-json\/wp\/v2\/tags?post=147631"}],"curies":[{"name":"wp","href":"https:\/\/api.w.org\/{rel}","templated":true}]}}