{"id":147635,"date":"2022-05-13T12:36:51","date_gmt":"2022-05-13T16:36:51","guid":{"rendered":"https:\/\/linitiative.ca\/International\/car-of-the-year-morocco-2022-la-citroen-c4-remporte-le-titre\/"},"modified":"2022-05-13T12:36:51","modified_gmt":"2022-05-13T16:36:51","slug":"car-of-the-year-morocco-2022-la-citroen-c4-remporte-le-titre","status":"publish","type":"post","link":"https:\/\/linitiative.ca\/International\/car-of-the-year-morocco-2022-la-citroen-c4-remporte-le-titre\/","title":{"rendered":"Car Of The Year Morocco 2022. La Citro\u00ebn C4 remporte le titre"},"content":{"rendered":"<div><img decoding=\"async\" width=\"676\" height=\"415\" src=\"https:\/\/linitiative.ca\/International\/wp-content\/uploads\/sites\/23\/2022\/05\/coty-1.jpg\" class=\"attachment-post-thumbnail size-post-thumbnail wp-post-image\" alt=\"\" loading=\"lazy\" srcset=\"https:\/\/linitiative.ca\/International\/wp-content\/uploads\/sites\/23\/2022\/05\/coty-1.jpg 676w, https:\/\/www.challenge.ma\/wp-content\/uploads\/2022\/05\/coty-1-300x184.jpg 300w, https:\/\/www.challenge.ma\/wp-content\/uploads\/2022\/05\/coty-1-360x221.jpg 360w\" sizes=\"auto, (max-width: 676px) 100vw, 676px\" itemprop=\"image\">L\u2019\u00e9lection du \u00abCar Of The Year (COTY) Morocco 2022\u00bb a connu son d\u00e9nouement le 12 mai courant. Pour cette 3\u00e8me\u00a0\u00e9dition de l\u2019\u00e9v\u00e9nement, c\u2019est la Citro\u00ebn C4 qui s\u2019est distingu\u00e9e. C\u2019est en pr\u00e9sence des op\u00e9rateurs du milieu automobile, du jury ayant pris part \u00e0 cette \u00e9lection, des partenaires ayant soutenu l\u2019\u00e9v\u00e9nement,<\/div>\n<p>Auteur: David J\u00e9r\u00e9mie<br \/>\n<a href=\"https:\/\/www.challenge.ma\/car-of-the-year-morocco-2022-la-citroen-c4-remporte-le-titre-238534\/\">Cliquez ici pour lire l&rsquo;article depuis sa source.<\/a><\/p>\n","protected":false},"excerpt":{"rendered":"<p>L\u2019\u00e9lection du \u00abCar Of The Year (COTY) Morocco 2022\u00bb a connu son d\u00e9nouement le 12 mai courant. Pour cette 3\u00e8me\u00a0\u00e9dition de l\u2019\u00e9v\u00e9nement, c\u2019est la Citro\u00ebn C4 qui s\u2019est distingu\u00e9e. C\u2019est en pr\u00e9sence des op\u00e9rateurs du milieu automobile, du jury ayant pris part \u00e0 cette \u00e9lection, des partenaires ayant soutenu l\u2019\u00e9v\u00e9nement, Auteur: David J\u00e9r\u00e9mie Cliquez ici [&hellip;]<\/p>\n","protected":false},"author":1787,"featured_media":0,"comment_status":"closed","ping_status":"closed","sticky":false,"template":"","format":"standard","meta":{"fifu_image_url":"https:\/\/www.challenge.ma\/wp-content\/uploads\/2022\/05\/coty-1.jpg","fifu_image_alt":"Car Of The Year Morocco 2022. La Citro\u00ebn C4 remporte le titre","footnotes":""},"categories":[78,54],"tags":[],"class_list":["post-147635","post","type-post","status-publish","format-standard","hentry","category-economie","category-maroc"],"_links":{"self":[{"href":"https:\/\/linitiative.ca\/International\/wp-json\/wp\/v2\/posts\/147635","targetHints":{"allow":["GET"]}}],"collection":[{"href":"https:\/\/linitiative.ca\/International\/wp-json\/wp\/v2\/posts"}],"about":[{"href":"https:\/\/linitiative.ca\/International\/wp-json\/wp\/v2\/types\/post"}],"author":[{"embeddable":true,"href":"https:\/\/linitiative.ca\/International\/wp-json\/wp\/v2\/users\/1787"}],"replies":[{"embeddable":true,"href":"https:\/\/linitiative.ca\/International\/wp-json\/wp\/v2\/comments?post=147635"}],"version-history":[{"count":0,"href":"https:\/\/linitiative.ca\/International\/wp-json\/wp\/v2\/posts\/147635\/revisions"}],"wp:attachment":[{"href":"https:\/\/linitiative.ca\/International\/wp-json\/wp\/v2\/media?parent=147635"}],"wp:term":[{"taxonomy":"category","embeddable":true,"href":"https:\/\/linitiative.ca\/International\/wp-json\/wp\/v2\/categories?post=147635"},{"taxonomy":"post_tag","embeddable":true,"href":"https:\/\/linitiative.ca\/International\/wp-json\/wp\/v2\/tags?post=147635"}],"curies":[{"name":"wp","href":"https:\/\/api.w.org\/{rel}","templated":true}]}}