{"id":147637,"date":"2022-05-13T13:01:52","date_gmt":"2022-05-13T17:01:52","guid":{"rendered":"https:\/\/linitiative.ca\/International\/salons-automobiles-internationaux-chery-promeut-avec-succes-sa-gamme-pro-series\/"},"modified":"2022-05-13T13:01:52","modified_gmt":"2022-05-13T17:01:52","slug":"salons-automobiles-internationaux-chery-promeut-avec-succes-sa-gamme-pro-series","status":"publish","type":"post","link":"https:\/\/linitiative.ca\/International\/salons-automobiles-internationaux-chery-promeut-avec-succes-sa-gamme-pro-series\/","title":{"rendered":"Salons automobiles internationaux\u00a0: Chery promeut avec succ\u00e8s sa gamme \u00abPRO Series\u00bb"},"content":{"rendered":"<div><img decoding=\"async\" width=\"800\" height=\"450\" src=\"https:\/\/linitiative.ca\/International\/wp-content\/uploads\/sites\/23\/2022\/05\/ouv.jpg\" class=\"attachment-post-thumbnail size-post-thumbnail wp-post-image\" alt=\"\" loading=\"lazy\" srcset=\"https:\/\/linitiative.ca\/International\/wp-content\/uploads\/sites\/23\/2022\/05\/ouv.jpg 800w, https:\/\/www.challenge.ma\/wp-content\/uploads\/2022\/05\/ouv-300x169.jpg 300w, https:\/\/www.challenge.ma\/wp-content\/uploads\/2022\/05\/ouv-768x432.jpg 768w, https:\/\/www.challenge.ma\/wp-content\/uploads\/2022\/05\/ouv-360x203.jpg 360w, https:\/\/www.challenge.ma\/wp-content\/uploads\/2022\/05\/ouv-750x422.jpg 750w\" sizes=\"auto, (max-width: 800px) 100vw, 800px\" itemprop=\"image\">Au premier trimestre 2022, Chery a particip\u00e9 \u00e0 plusieurs Salons automobiles dans le monde, notamment aux Philippines, au Kowe\u00eft et en Indon\u00e9sie. L\u2019occasion pour la marque automobile chinoise d\u2019y exposer des v\u00e9hicules issus de la s\u00e9rie \u00abPro Family\u00bb. De quoi attirer l\u2019attention des principaux m\u00e9dias internationaux, tout comme celle de<\/div>\n<p>Auteur: David J\u00e9r\u00e9mie<br \/>\n<a href=\"https:\/\/www.challenge.ma\/salons-automobiles-internationaux-chery-promeut-avec-succes-sa-gamme-pro-series-238544\/\">Cliquez ici pour lire l&rsquo;article depuis sa source.<\/a><\/p>\n","protected":false},"excerpt":{"rendered":"<p>Au premier trimestre 2022, Chery a particip\u00e9 \u00e0 plusieurs Salons automobiles dans le monde, notamment aux Philippines, au Kowe\u00eft et en Indon\u00e9sie. L\u2019occasion pour la marque automobile chinoise d\u2019y exposer des v\u00e9hicules issus de la s\u00e9rie \u00abPro Family\u00bb. De quoi attirer l\u2019attention des principaux m\u00e9dias internationaux, tout comme celle de Auteur: David J\u00e9r\u00e9mie Cliquez ici [&hellip;]<\/p>\n","protected":false},"author":1787,"featured_media":0,"comment_status":"closed","ping_status":"closed","sticky":false,"template":"","format":"standard","meta":{"fifu_image_url":"https:\/\/www.challenge.ma\/wp-content\/uploads\/2022\/05\/ouv.jpg","fifu_image_alt":"Salons automobiles internationaux\u00a0: Chery promeut avec succ\u00e8s sa gamme \u00abPRO Series\u00bb","footnotes":""},"categories":[78,54],"tags":[],"class_list":["post-147637","post","type-post","status-publish","format-standard","hentry","category-economie","category-maroc"],"_links":{"self":[{"href":"https:\/\/linitiative.ca\/International\/wp-json\/wp\/v2\/posts\/147637","targetHints":{"allow":["GET"]}}],"collection":[{"href":"https:\/\/linitiative.ca\/International\/wp-json\/wp\/v2\/posts"}],"about":[{"href":"https:\/\/linitiative.ca\/International\/wp-json\/wp\/v2\/types\/post"}],"author":[{"embeddable":true,"href":"https:\/\/linitiative.ca\/International\/wp-json\/wp\/v2\/users\/1787"}],"replies":[{"embeddable":true,"href":"https:\/\/linitiative.ca\/International\/wp-json\/wp\/v2\/comments?post=147637"}],"version-history":[{"count":0,"href":"https:\/\/linitiative.ca\/International\/wp-json\/wp\/v2\/posts\/147637\/revisions"}],"wp:attachment":[{"href":"https:\/\/linitiative.ca\/International\/wp-json\/wp\/v2\/media?parent=147637"}],"wp:term":[{"taxonomy":"category","embeddable":true,"href":"https:\/\/linitiative.ca\/International\/wp-json\/wp\/v2\/categories?post=147637"},{"taxonomy":"post_tag","embeddable":true,"href":"https:\/\/linitiative.ca\/International\/wp-json\/wp\/v2\/tags?post=147637"}],"curies":[{"name":"wp","href":"https:\/\/api.w.org\/{rel}","templated":true}]}}