{"id":147641,"date":"2022-05-13T16:31:04","date_gmt":"2022-05-13T20:31:04","guid":{"rendered":"https:\/\/linitiative.ca\/International\/tunisie-convention-de-partenariat-pour-les-enfants-autistes\/"},"modified":"2022-05-13T16:31:04","modified_gmt":"2022-05-13T20:31:04","slug":"tunisie-convention-de-partenariat-pour-les-enfants-autistes","status":"publish","type":"post","link":"https:\/\/linitiative.ca\/International\/tunisie-convention-de-partenariat-pour-les-enfants-autistes\/","title":{"rendered":"Tunisie: Convention de partenariat pour les enfants autistes"},"content":{"rendered":"<div>\n<p>La ministre de la Famille, de la Femme, de l\u2019Enfance et des Personnes \u00e2g\u00e9es, Amal Belhaj Moussa a rencontr\u00e9 ce vendredi une d\u00e9l\u00e9gation de la Soci\u00e9t\u00e9 Tunisienne de Psychiatrie de l\u2019Enfant et de l\u2019Adolescent conduite par la pr\u00e9sidente de l\u2019association, Ahlam Belhaj. Les deux parties ont convenu d\u2019\u00e9laborer une convention de partenariat bilat\u00e9rale qui d\u00e9finit [\u2026]<\/p>\n<p>L\u2019article <a href=\"https:\/\/www.tunisienumerique.com\/tunisie-convention-de-partenariat-pour-les-enfants-autistes\/\">Tunisie: Convention de partenariat pour les enfants autistes<\/a> est apparu en premier sur <a href=\"https:\/\/www.tunisienumerique.com\/\">Tunisie<\/a>.<\/p>\n<\/div>\n<p>Auteur: Nadia.Ben.Tamansourt<br \/>\n<a href=\"https:\/\/www.tunisienumerique.com\/tunisie-convention-de-partenariat-pour-les-enfants-autistes\/\">Cliquez ici pour lire l&rsquo;article depuis sa source.<\/a><\/p>\n","protected":false},"excerpt":{"rendered":"<p>La ministre de la Famille, de la Femme, de l\u2019Enfance et des Personnes \u00e2g\u00e9es, Amal Belhaj Moussa a rencontr\u00e9 ce vendredi une d\u00e9l\u00e9gation de la Soci\u00e9t\u00e9 Tunisienne de Psychiatrie de l\u2019Enfant et de l\u2019Adolescent conduite par la pr\u00e9sidente de l\u2019association, Ahlam Belhaj. Les deux parties ont convenu d\u2019\u00e9laborer une convention de partenariat bilat\u00e9rale qui d\u00e9finit [&hellip;]<\/p>\n","protected":false},"author":1789,"featured_media":0,"comment_status":"closed","ping_status":"closed","sticky":false,"template":"","format":"standard","meta":{"fifu_image_url":"","fifu_image_alt":"","footnotes":""},"categories":[73,55],"tags":[],"class_list":["post-147641","post","type-post","status-publish","format-standard","hentry","category-actualite","category-tunisie"],"_links":{"self":[{"href":"https:\/\/linitiative.ca\/International\/wp-json\/wp\/v2\/posts\/147641","targetHints":{"allow":["GET"]}}],"collection":[{"href":"https:\/\/linitiative.ca\/International\/wp-json\/wp\/v2\/posts"}],"about":[{"href":"https:\/\/linitiative.ca\/International\/wp-json\/wp\/v2\/types\/post"}],"author":[{"embeddable":true,"href":"https:\/\/linitiative.ca\/International\/wp-json\/wp\/v2\/users\/1789"}],"replies":[{"embeddable":true,"href":"https:\/\/linitiative.ca\/International\/wp-json\/wp\/v2\/comments?post=147641"}],"version-history":[{"count":0,"href":"https:\/\/linitiative.ca\/International\/wp-json\/wp\/v2\/posts\/147641\/revisions"}],"wp:attachment":[{"href":"https:\/\/linitiative.ca\/International\/wp-json\/wp\/v2\/media?parent=147641"}],"wp:term":[{"taxonomy":"category","embeddable":true,"href":"https:\/\/linitiative.ca\/International\/wp-json\/wp\/v2\/categories?post=147641"},{"taxonomy":"post_tag","embeddable":true,"href":"https:\/\/linitiative.ca\/International\/wp-json\/wp\/v2\/tags?post=147641"}],"curies":[{"name":"wp","href":"https:\/\/api.w.org\/{rel}","templated":true}]}}