{"id":147645,"date":"2022-05-13T08:02:20","date_gmt":"2022-05-13T12:02:20","guid":{"rendered":"https:\/\/linitiative.ca\/International\/abou-dhabi-le-president-des-emirats-arabes-unis-est-decede-autorite-emirati\/"},"modified":"2022-05-13T08:02:20","modified_gmt":"2022-05-13T12:02:20","slug":"abou-dhabi-le-president-des-emirats-arabes-unis-est-decede-autorite-emirati","status":"publish","type":"post","link":"https:\/\/linitiative.ca\/International\/abou-dhabi-le-president-des-emirats-arabes-unis-est-decede-autorite-emirati\/","title":{"rendered":"Abou Dhabi\u00a0: Le pr\u00e9sident des Emirats arabes unis est d\u00e9c\u00e9d\u00e9 (autorit\u00e9 \u00e9mirati)"},"content":{"rendered":"<div>\n<p>Le pr\u00e9sident des Emirats arabes unis cheikh Khalifa ben Zayed Al-Nahyane, qui avait accompagn\u00e9 ces deux derni\u00e8res d\u00e9cennies l\u2019ascension fulgurante de son pays sur la sc\u00e8ne internationale, est d\u00e9c\u00e9d\u00e9, \u00e0 l\u2019\u00e2ge de 73 ans, A annonc\u00e9 ce vendredi le minist\u00e8re \u00e9mirati des Affaires pr\u00e9sidentielles.<\/p>\n<p>Le gouvernement du pays du Golfe a d\u00e9cr\u00e9t\u00e9 \u00ab un deuil officiel et les drapeaux mis en berne \u00bb pour une dur\u00e9e de 40 jours, a indiqu\u00e9 l\u2019agence de presse officielle WAM. Le chef de l\u2019Etat d\u00e9funt s\u2019\u00e9tait fait rare en public depuis un AVC en janvier 2014.<\/p>\n<p>Dot\u00e9 d\u2019une fortune estim\u00e9e par Forbes \u00e0 pr\u00e8s de 20 milliards de dollars \u2013 ce qui en faisait le deuxi\u00e8me homme le plus riche du Golfe \u2013, il a largement laiss\u00e9 les r\u00eanes de l\u2019\u00c9tat \u00e0 son fr\u00e8re, Mohamed Ben Zayed Al Nahyane \u00ab\u00a0MBZ\u00a0\u00bb, depuis son accident vasculaire c\u00e9r\u00e9bral en 2014.<\/p>\n<p>Sous son r\u00e8gne, les \u00c9mirats arabes unis se sont install\u00e9s comme une puissance r\u00e9gionale importante, notamment sur le plan militaire. C\u2019est \u00e9galement lui qui a initi\u00e9 une politique de soft power mondial \u00e0 travers ses investissements dans le monde du sport. Son fonds d\u2019investissement Abu Dhabi United Group est ainsi devenu l\u2019actionnaire majoritaire du club anglais de Manchester City en 2008 du football.<\/p>\n<p>Sidwaya.info<\/p>\n<\/div>\n<p>Auteur: BS. Sidwaya<br \/>\n<a href=\"https:\/\/www.sidwaya.info\/blog\/2022\/05\/13\/abou-dhabi-le-president-des-emirats-arabes-unis-est-decede-autorite-emirati\/\">Cliquez ici pour lire l&rsquo;article depuis sa source.<\/a><\/p>\n","protected":false},"excerpt":{"rendered":"<p>Le pr\u00e9sident des Emirats arabes unis cheikh Khalifa ben Zayed Al-Nahyane, qui avait accompagn\u00e9 ces deux derni\u00e8res d\u00e9cennies l\u2019ascension fulgurante de son pays sur la sc\u00e8ne internationale, est d\u00e9c\u00e9d\u00e9, \u00e0 l\u2019\u00e2ge de 73 ans, A annonc\u00e9 ce vendredi le minist\u00e8re \u00e9mirati des Affaires pr\u00e9sidentielles. Le gouvernement du pays du Golfe a d\u00e9cr\u00e9t\u00e9 \u00ab un deuil [&hellip;]<\/p>\n","protected":false},"author":1816,"featured_media":0,"comment_status":"closed","ping_status":"closed","sticky":false,"template":"","format":"standard","meta":{"fifu_image_url":"","fifu_image_alt":"","footnotes":""},"categories":[73,81],"tags":[],"class_list":["post-147645","post","type-post","status-publish","format-standard","hentry","category-actualite","category-burkina-faso"],"_links":{"self":[{"href":"https:\/\/linitiative.ca\/International\/wp-json\/wp\/v2\/posts\/147645","targetHints":{"allow":["GET"]}}],"collection":[{"href":"https:\/\/linitiative.ca\/International\/wp-json\/wp\/v2\/posts"}],"about":[{"href":"https:\/\/linitiative.ca\/International\/wp-json\/wp\/v2\/types\/post"}],"author":[{"embeddable":true,"href":"https:\/\/linitiative.ca\/International\/wp-json\/wp\/v2\/users\/1816"}],"replies":[{"embeddable":true,"href":"https:\/\/linitiative.ca\/International\/wp-json\/wp\/v2\/comments?post=147645"}],"version-history":[{"count":0,"href":"https:\/\/linitiative.ca\/International\/wp-json\/wp\/v2\/posts\/147645\/revisions"}],"wp:attachment":[{"href":"https:\/\/linitiative.ca\/International\/wp-json\/wp\/v2\/media?parent=147645"}],"wp:term":[{"taxonomy":"category","embeddable":true,"href":"https:\/\/linitiative.ca\/International\/wp-json\/wp\/v2\/categories?post=147645"},{"taxonomy":"post_tag","embeddable":true,"href":"https:\/\/linitiative.ca\/International\/wp-json\/wp\/v2\/tags?post=147645"}],"curies":[{"name":"wp","href":"https:\/\/api.w.org\/{rel}","templated":true}]}}