{"id":147646,"date":"2022-05-13T13:56:09","date_gmt":"2022-05-13T17:56:09","guid":{"rendered":"https:\/\/linitiative.ca\/International\/hadj-2022-3686-pelerins-burkinabe-de-moins-de-65-ans-attendus-a-la-mecque\/"},"modified":"2022-05-13T13:56:09","modified_gmt":"2022-05-13T17:56:09","slug":"hadj-2022-3686-pelerins-burkinabe-de-moins-de-65-ans-attendus-a-la-mecque","status":"publish","type":"post","link":"https:\/\/linitiative.ca\/International\/hadj-2022-3686-pelerins-burkinabe-de-moins-de-65-ans-attendus-a-la-mecque\/","title":{"rendered":"Hadj 2022: 3686 p\u00e8lerins burkinab\u00e8 de moins de 65 ans attendus \u00e0 la Mecque"},"content":{"rendered":"<div>\n<p>\u00a0<\/p>\n<p><strong>Le ministre des Affaires religieuses et coutumi\u00e8res a, dans un communiqu\u00e9 parvenu \u00e0 sidwaya.info, annonc\u00e9 que les musulmans du Burkina Faso pourront, apr\u00e8s deux ans de suspension \u00e0 cause du Covid-19, prendre part au p\u00e8lerinage \u00e0 la Mecque. Selon le ministre, le Burkina Faso a un quota de 3686 p\u00e8lerins.<\/strong><\/p>\n<p><strong>\u00a0<\/strong><\/p>\n<p>Le ministre des Affaires religieuses et coutumi\u00e8res a l\u2019honneur d\u2019informer la population burkinab\u00e8 en g\u00e9n\u00e9ral et la oummah islamique en particulier de la tenue effective du hadj, \u00e9dition 2022. Apr\u00e8s deux ann\u00e9es d\u2019interruption due \u00e0 la pand\u00e9mie \u00e0 coronavirus, le minist\u00e8re du hadj et de la oumrah du royaume d\u2019Arabie saoudite, ouvre \u00e0 nouveau les portes des lieux saints au monde musulman du 05 au 12 juillet 2022.<\/p>\n<p>Des quotas ont \u00e9t\u00e9 allou\u00e9s et communiqu\u00e9s aux diff\u00e9rents pays en tenant compte des mesures pr\u00e9ventives impos\u00e9es dans le cadre de la lutte contre ladite pand\u00e9mie. C\u2019est dans ce cadre que le Burkina Faso s\u2019est vu octroyer un quota de<strong> trois mille six cent quatre-vingt-six (3686)<\/strong> p\u00e8lerins. Ce contingent est soumis au strict respect du protocole sanitaire et d\u00e9sign\u00e9 selon de nouveaux crit\u00e8res du hadj.<\/p>\n<p>Ainsi, les crit\u00e8res suivants conditionnent entre autres le hadj 2022 au Burkina Faso\u00a0:<\/p>\n<ul>\n<li>\u00eatre \u00e2g\u00e9(e) de moins de <strong>65 ans<\/strong>;<\/li>\n<li>pr\u00e9senter un <strong>test PCR n\u00e9gatif<\/strong> de la Covid-19 pour un \u00e9chantillon pr\u00e9lev\u00e9 72h avant la date de d\u00e9part pour les lieux saints\u00a0;<\/li>\n<li>\u00eatre \u00e0 jour du <strong>vaccin<\/strong> contre la Covid-19\u00a0;<\/li>\n<\/ul>\n<p>Le premier <strong>vol d\u00e9part<\/strong> des p\u00e8lerins du Burkina Faso est fix\u00e9 \u00e0 la date du 18 juin 2022.<\/p>\n<p>A cet effet, la signature, en Arabie saoudite, de la convention avec le minist\u00e8re des Affaires religieuses et coutumi\u00e8res, dont la date sera communiqu\u00e9e dans les tout-prochains jours par le minist\u00e8re du hadj saoudien permettra d\u2019\u00e9tablir une cartographie de l\u2019organisation de la pr\u00e9sente \u00e9dition du p\u00e8lerinage. En attendant, les <strong>cent-vingt-et-une<\/strong> (<strong>121) <\/strong>agences de voyages et de tourisme agr\u00e9\u00e9es, ainsi que la compagnie de transport recrut\u00e9e, sont \u00e0 pied d\u2019\u0153uvre pour assurer une bonne organisation du cinqui\u00e8me pilier de l\u2019islam aux p\u00e8lerins du Burkina Faso.<\/p>\n<p>Une conf\u00e9rence de presse reviendra sur les d\u00e9tails de l\u2019organisation et constituera une occasion pour r\u00e9pondre aux pr\u00e9occupations des p\u00e8lerins, des m\u00e9dias et du grand public sur les articulations du hadj 2022.<\/p>\n<p><strong>\u00a0<\/strong><\/p>\n<p><strong>\u00a0\u00a0\u00a0\u00a0\u00a0 <\/strong><\/p>\n<table>\n<tbody>\n<tr>\n<td width=\"206\"><strong><u>Issaka SOURWEMA<\/u><\/strong><\/p>\n<p><em>Officier de l\u2019Ordre du M\u00e9rite<\/em><\/p>\n<\/td>\n<\/tr>\n<\/tbody>\n<\/table>\n<p>\u00a0<\/p>\n<p>\u00a0<\/p>\n<p><strong>\u00a0<\/strong><\/p>\n<\/div>\n<p>Auteur: BS. Sidwaya<br \/>\n<a href=\"https:\/\/www.sidwaya.info\/blog\/2022\/05\/13\/hadj-2022-3686-pelerins-burkinabe-de-moins-de-65-ans-attendus-a-la-mecque\/\">Cliquez ici pour lire l&rsquo;article depuis sa source.<\/a><\/p>\n","protected":false},"excerpt":{"rendered":"<p>\u00a0 Le ministre des Affaires religieuses et coutumi\u00e8res a, dans un communiqu\u00e9 parvenu \u00e0 sidwaya.info, annonc\u00e9 que les musulmans du Burkina Faso pourront, apr\u00e8s deux ans de suspension \u00e0 cause du Covid-19, prendre part au p\u00e8lerinage \u00e0 la Mecque. Selon le ministre, le Burkina Faso a un quota de 3686 p\u00e8lerins. \u00a0 Le ministre des [&hellip;]<\/p>\n","protected":false},"author":1816,"featured_media":0,"comment_status":"closed","ping_status":"closed","sticky":false,"template":"","format":"standard","meta":{"fifu_image_url":"","fifu_image_alt":"","footnotes":""},"categories":[73,81],"tags":[],"class_list":["post-147646","post","type-post","status-publish","format-standard","hentry","category-actualite","category-burkina-faso"],"_links":{"self":[{"href":"https:\/\/linitiative.ca\/International\/wp-json\/wp\/v2\/posts\/147646","targetHints":{"allow":["GET"]}}],"collection":[{"href":"https:\/\/linitiative.ca\/International\/wp-json\/wp\/v2\/posts"}],"about":[{"href":"https:\/\/linitiative.ca\/International\/wp-json\/wp\/v2\/types\/post"}],"author":[{"embeddable":true,"href":"https:\/\/linitiative.ca\/International\/wp-json\/wp\/v2\/users\/1816"}],"replies":[{"embeddable":true,"href":"https:\/\/linitiative.ca\/International\/wp-json\/wp\/v2\/comments?post=147646"}],"version-history":[{"count":0,"href":"https:\/\/linitiative.ca\/International\/wp-json\/wp\/v2\/posts\/147646\/revisions"}],"wp:attachment":[{"href":"https:\/\/linitiative.ca\/International\/wp-json\/wp\/v2\/media?parent=147646"}],"wp:term":[{"taxonomy":"category","embeddable":true,"href":"https:\/\/linitiative.ca\/International\/wp-json\/wp\/v2\/categories?post=147646"},{"taxonomy":"post_tag","embeddable":true,"href":"https:\/\/linitiative.ca\/International\/wp-json\/wp\/v2\/tags?post=147646"}],"curies":[{"name":"wp","href":"https:\/\/api.w.org\/{rel}","templated":true}]}}