{"id":147648,"date":"2022-05-13T14:35:37","date_gmt":"2022-05-13T18:35:37","guid":{"rendered":"https:\/\/linitiative.ca\/International\/perkoa-une-equipe-gouvernementale-surveille-les-travaux-de-sauvetage\/"},"modified":"2022-05-13T14:35:37","modified_gmt":"2022-05-13T18:35:37","slug":"perkoa-une-equipe-gouvernementale-surveille-les-travaux-de-sauvetage","status":"publish","type":"post","link":"https:\/\/linitiative.ca\/International\/perkoa-une-equipe-gouvernementale-surveille-les-travaux-de-sauvetage\/","title":{"rendered":"Perkoa : Une \u00e9quipe gouvernementale surveille les travaux de sauvetage"},"content":{"rendered":"<div>\n<p>Le gouvernement burkinab\u00e8 continue de suivre de pr\u00e8s les actions de sauvetage des mineurs coinc\u00e9s dans la mine souterraine de Perkoa. Ce vendredi 13 mai 2022, deux membres du gouvernement, \u00e0 savoir \u00a0le Ministres en charge de la fonction publique, Bassolma Bazi\u00e9, et celui en charge de la communication, Val\u00e9rie Kabor\u00e9, sont all\u00e9s \u00a0constater les travaux de pompages des eaux souterraines. Accompagn\u00e9s par la presse, ils \u00a0sont descendus dans la mine souterraine jusqu\u2019au niveau 580 pour t\u00e9moigner de l\u2019\u00e9tat d\u2019avancement des travaux. <em>\u00ab\u00a0Nous sommes l\u00e0, parce que nous avons un fr\u00e8re, un cousin ou un neveu. Nous le faisons parce que ce sont des\u00a0 hommes, des \u00eatres humains qui y sont coinc\u00e9s. Nous allons tout mettre en \u0153uvre pour les retrouver\u00a0\u00bb <\/em>\u00a0a d\u00e9clar\u00e9 le ministre Bazi\u00e9, et \u00a0d\u2019ajouter que cette visite avec les journalistes vise \u00e0 leur permettre de toucher du doigt et d\u2019appr\u00e9cier les efforts qui sont faits pour sauver les 8 mineurs<em>.\u00a0\u00ab\u00a0 Nous voulons jouer la carte de la transparence afin que les m\u00e9dias puissent nous aider \u00e0 surtout am\u00e9liorer ce qui doit l\u2019\u00eatre et \u00e0 donner l\u2019information juste aux populations\u00a0\u00bb, <\/em>a-t-il pr\u00e9cis\u00e9.<\/p>\n<p>\u00a0<\/p>\n<p>Sidwaya.info<\/p>\n<\/div>\n<p>Auteur: BS. Sidwaya<br \/>\n<a href=\"https:\/\/www.sidwaya.info\/blog\/2022\/05\/13\/perkoa-une-equipe-gouvernementale-surveille-les-travaux-de-sauvetage\/\">Cliquez ici pour lire l&rsquo;article depuis sa source.<\/a><\/p>\n","protected":false},"excerpt":{"rendered":"<p>Le gouvernement burkinab\u00e8 continue de suivre de pr\u00e8s les actions de sauvetage des mineurs coinc\u00e9s dans la mine souterraine de Perkoa. Ce vendredi 13 mai 2022, deux membres du gouvernement, \u00e0 savoir \u00a0le Ministres en charge de la fonction publique, Bassolma Bazi\u00e9, et celui en charge de la communication, Val\u00e9rie Kabor\u00e9, sont all\u00e9s \u00a0constater les [&hellip;]<\/p>\n","protected":false},"author":1816,"featured_media":0,"comment_status":"closed","ping_status":"closed","sticky":false,"template":"","format":"standard","meta":{"fifu_image_url":"","fifu_image_alt":"","footnotes":""},"categories":[73,81],"tags":[],"class_list":["post-147648","post","type-post","status-publish","format-standard","hentry","category-actualite","category-burkina-faso"],"_links":{"self":[{"href":"https:\/\/linitiative.ca\/International\/wp-json\/wp\/v2\/posts\/147648","targetHints":{"allow":["GET"]}}],"collection":[{"href":"https:\/\/linitiative.ca\/International\/wp-json\/wp\/v2\/posts"}],"about":[{"href":"https:\/\/linitiative.ca\/International\/wp-json\/wp\/v2\/types\/post"}],"author":[{"embeddable":true,"href":"https:\/\/linitiative.ca\/International\/wp-json\/wp\/v2\/users\/1816"}],"replies":[{"embeddable":true,"href":"https:\/\/linitiative.ca\/International\/wp-json\/wp\/v2\/comments?post=147648"}],"version-history":[{"count":0,"href":"https:\/\/linitiative.ca\/International\/wp-json\/wp\/v2\/posts\/147648\/revisions"}],"wp:attachment":[{"href":"https:\/\/linitiative.ca\/International\/wp-json\/wp\/v2\/media?parent=147648"}],"wp:term":[{"taxonomy":"category","embeddable":true,"href":"https:\/\/linitiative.ca\/International\/wp-json\/wp\/v2\/categories?post=147648"},{"taxonomy":"post_tag","embeddable":true,"href":"https:\/\/linitiative.ca\/International\/wp-json\/wp\/v2\/tags?post=147648"}],"curies":[{"name":"wp","href":"https:\/\/api.w.org\/{rel}","templated":true}]}}