{"id":147658,"date":"2022-05-13T13:18:03","date_gmt":"2022-05-13T17:18:03","guid":{"rendered":"https:\/\/linitiative.ca\/International\/apres-les-russes-bamako-veut-laide-des-rwandais\/"},"modified":"2022-05-13T13:18:03","modified_gmt":"2022-05-13T17:18:03","slug":"apres-les-russes-bamako-veut-laide-des-rwandais","status":"publish","type":"post","link":"https:\/\/linitiative.ca\/International\/apres-les-russes-bamako-veut-laide-des-rwandais\/","title":{"rendered":"Apr\u00e8s les Russes, Bamako veut l\u2019aide des Rwandais"},"content":{"rendered":"<div>\n<p><img decoding=\"async\" width=\"720\" height=\"474\" src=\"https:\/\/linitiative.ca\/International\/wp-content\/uploads\/sites\/23\/2022\/05\/16524622837980.jpg\" class=\"attachment-post-thumbnail size-post-thumbnail wp-post-image\" alt=\"\" loading=\"lazy\" srcset=\"https:\/\/linitiative.ca\/International\/wp-content\/uploads\/sites\/23\/2022\/05\/16524622837980.jpg 720w, https:\/\/www.journalducameroun.com\/wp-content\/uploads\/2022\/05\/16524622837980-300x198.jpg 300w, https:\/\/www.journalducameroun.com\/wp-content\/uploads\/2022\/05\/16524622837980-668x440.jpg 668w, https:\/\/www.journalducameroun.com\/wp-content\/uploads\/2022\/05\/16524622837980-600x395.jpg 600w\" sizes=\"auto, (max-width: 720px) 100vw, 720px\"><\/p>\n<p>Le chef d&rsquo;Etat-major des arm\u00e9es maliennes qui a s\u00e9journ\u00e9 \u00e0 Kigali pendant trois jours, a \u00e9t\u00e9 re\u00e7u par le pr\u00e9sident Paul Kagam\u00e9.Comment remplacer l&rsquo;arm\u00e9e fran\u00e7aise ? Le Mali qui vient de d\u00e9noncer les accords militaires avec la France en r\u00e9ponse au retrait en cours des soldats tricolores de son territoire, cherche de nouveaux alli\u00e9s. Apr\u00e8s avoir fait appel \u00e0 Moscou, ou plut\u00f4t aux mercenaires russes de la compagnie Wagner selon plusieurs m\u00e9dias et diplomates, Bamako vient d&rsquo;envoyer le patron de son arm\u00e9e au Rwanda dans le but d&rsquo;obtenir le concours de Kigali dans la lutte contre les groupes jihadistes.<\/p>\n<p>Accueilli par son homologue rwandais, le g\u00e9n\u00e9ral Jezn Bosco Kazura, le chef d&rsquo;Etat-major des arm\u00e9es maliennes qui a s\u00e9journ\u00e9 \u00e0 Kigali pendant trois jours, a \u00e9t\u00e9 re\u00e7u par le pr\u00e9sident Paul Kagam\u00e9.<\/p>\n<p>\u00ab Le cas du Mozambique est vraiment impressionnant \u00bb, a reconnu le G\u00e9n\u00e9ral Oumar Diarra en allusion \u00e0 l&rsquo;envoi depuis juillet 2021 d&rsquo;un millier de soldats rwandais au Cabo Delgado, dans le nord du Mozambique pour combattre le groupe jihadiste qui avait envahi la r\u00e9gion : \u00ab Ahlu Sunna wal Jama&rsquo;a \u00bb commun\u00e9ment appel\u00e9 \u00ab shebabs\u00a0\u00bb, mais qui n&rsquo;a pas de liens avec le groupe somalien du m\u00eame nom qui est affili\u00e9 \u00e0 Al-Qa\u00efda.<\/p>\n<p>Les jihadistes du Mozambique sont une filiale de l&rsquo;organisation l&rsquo;Etat islamique et appartiennent \u00e0 la province d&rsquo;Afrique centrale qu&rsquo;ils partagent avec les Forces d\u00e9mocratiques alli\u00e9es (ADF) qui s\u00e9vissent dans l&rsquo;est de la R\u00e9publique d\u00e9mocratique du Congo.<\/p>\n<p>Responsables de plusieurs attaques dans le septentrion mozambicain, les islamistes mozambicains ont surtout fait parler d&rsquo;eux en mars 2021 lorsqu&rsquo;ils avaient surpris le monde entier en occupant la ville portuaire de Palma, obligeant le pr\u00e9sident Mozambicain, Filipe Nyusi, a appel\u00e9 la communaut\u00e9 internationale \u00e0 l&rsquo;aide.<\/p>\n<p>Arriv\u00e9s une semaine avant les forces de la Communaut\u00e9 de d\u00e9veloppement d&rsquo;Afrique australe au Mozambique (Samim), les soldats rwandais ont tr\u00e8s rapidement annonc\u00e9 avoir repris des zones qui \u00e9taient sous le joug des insurg\u00e9s. D\u00e9cembre 2021, appuy\u00e9e par les forces rwandaises, l&rsquo;arm\u00e9e mozambicaine a r\u00e9cup\u00e9r\u00e9 la ville portuaire de Mocimbo da Praia rest\u00e9e pendant un an aux mains des jihadistes.<\/p>\n<p>Selon les confidences de sources s\u00e9curitaires \u00e0 Apa news, les unit\u00e9s rwandaises r\u00e9put\u00e9es disciplin\u00e9es et bien \u00e9quip\u00e9es ont vite r\u00e9ussi \u00e0 forcer les insurg\u00e9s \u00e0 se replier dans les zones rurales, en adoptant une lutte proche de la gu\u00e9rilla.<\/p>\n<p>Le patron des arm\u00e9es maliennes qui n&rsquo;a pas expliqu\u00e9 s&rsquo;il veut lui aussi que Kigali envoie des soldats au Mali, s&rsquo;est content\u00e9 de dire que sa visite au Rwanda \u00e9tait consacr\u00e9e au \u00ab renforcement des capacit\u00e9s de l&rsquo;arm\u00e9e malienne afin d&rsquo;op\u00e9rer en autonomie pour d\u00e9fendre le territoire national \u00bb.<\/p>\n<p>Depuis l&rsquo;annonce par la France du retrait du territoire malien de tous les \u00e9l\u00e9ments de son op\u00e9ration Barkhane, qui en 2014 avait pris le relais de Serval engag\u00e9e en janvier 2013 pour chasser les islamistes du Nord du Mali qu&rsquo;ils occupaient alors depuis pr\u00e8s d&rsquo;un an, Bamako a lanc\u00e9 plusieurs offensives militaires dans certaines parties du pays.<\/p>\n<p>Appuy\u00e9s par des \u00ab instructeurs \u00bb de la Russie, appellation officielle de combattants russes pr\u00e9sents dans le pays, les militaires maliens auraient repris plusieurs localit\u00e9s aux jihadistes du Groupe de soutien \u00e0 l&rsquo;Islam et aux Musulman (Jnim, selon son acronyme en arabe) et \u00e0 leurs fr\u00e8res ennemis de l&rsquo;Etat islamique au Sahel.<\/p>\n<p>D\u00e9but avril, l&rsquo;\u00e9tat-major malien a affirm\u00e9 que l&rsquo;arm\u00e9e a tu\u00e9 plus de 200 jihadistes \u00e0 Moura, un village du cercle de Djenn\u00e9, dans la r\u00e9gion de Mopti, au centre du pays. Selon plusieurs organisations de d\u00e9fense des droits humains qui ont r\u00e9clam\u00e9 l&rsquo;ouverture d&rsquo;une enqu\u00eate sur le d\u00e9roulement des \u00e9v\u00e9nements, ces op\u00e9rations auraient conduit \u00e0 des \u00ab all\u00e9gations de crimes contre les civils \u00bb. Ce que l&rsquo;arm\u00e9e malienne a cat\u00e9goriquement ni\u00e9.<\/p>\n<p>Dans un communiqu\u00e9 dat\u00e9 du 5 avril, l&rsquo;\u00e9tat-major des arm\u00e9es maliennes a affirm\u00e9 que \u00ab le respect des Droits de l&rsquo;Homme (DH) de m\u00eame que le droit international humanitaire reste une priorit\u00e9 dans la conduite des op\u00e9rations\u2026\u00bb Mais il n&rsquo;a pas indiqu\u00e9 pourquoi Bamako a emp\u00each\u00e9 l&rsquo;envoi sur le terrain d&rsquo;une mission d&rsquo;enqu\u00eate de la Minusma. Son mandat devant \u00eatre discut\u00e9 en juin au si\u00e8ge de l&rsquo;Onu, les autorit\u00e9s maliennes ne seraient plus en faveur du maintien de cette mission onusienne au Mali.<\/p>\n<p>Cet article <a rel=\"nofollow\" href=\"https:\/\/www.journalducameroun.com\/apres-les-russes-bamako-veut-laide-des-rwandais\/\">Apr\u00e8s les Russes, Bamako veut l\u2019aide des Rwandais<\/a> est apparu en premier sur <a rel=\"nofollow\" href=\"https:\/\/www.journalducameroun.com\/\">Journal du Cameroun<\/a>.<\/p>\n<\/div>\n<p>Auteur: APA News<br \/>\n<a href=\"https:\/\/www.journalducameroun.com\/apres-les-russes-bamako-veut-laide-des-rwandais\/\">Cliquez ici pour lire l&rsquo;article depuis sa source.<\/a><\/p>\n","protected":false},"excerpt":{"rendered":"<p>Le chef d&rsquo;Etat-major des arm\u00e9es maliennes qui a s\u00e9journ\u00e9 \u00e0 Kigali pendant trois jours, a \u00e9t\u00e9 re\u00e7u par le pr\u00e9sident Paul Kagam\u00e9.Comment remplacer l&rsquo;arm\u00e9e fran\u00e7aise ? Le Mali qui vient de d\u00e9noncer les accords militaires avec la France en r\u00e9ponse au retrait en cours des soldats tricolores de son territoire, cherche de nouveaux alli\u00e9s. Apr\u00e8s [&hellip;]<\/p>\n","protected":false},"author":1965,"featured_media":0,"comment_status":"closed","ping_status":"closed","sticky":false,"template":"","format":"standard","meta":{"fifu_image_url":"https:\/\/www.journalducameroun.com\/wp-content\/uploads\/2022\/05\/16524622837980.jpg","fifu_image_alt":"Apr\u00e8s les Russes, Bamako veut l\u2019aide des Rwandais","footnotes":""},"categories":[73,82],"tags":[],"class_list":["post-147658","post","type-post","status-publish","format-standard","hentry","category-actualite","category-cameroun"],"_links":{"self":[{"href":"https:\/\/linitiative.ca\/International\/wp-json\/wp\/v2\/posts\/147658","targetHints":{"allow":["GET"]}}],"collection":[{"href":"https:\/\/linitiative.ca\/International\/wp-json\/wp\/v2\/posts"}],"about":[{"href":"https:\/\/linitiative.ca\/International\/wp-json\/wp\/v2\/types\/post"}],"author":[{"embeddable":true,"href":"https:\/\/linitiative.ca\/International\/wp-json\/wp\/v2\/users\/1965"}],"replies":[{"embeddable":true,"href":"https:\/\/linitiative.ca\/International\/wp-json\/wp\/v2\/comments?post=147658"}],"version-history":[{"count":0,"href":"https:\/\/linitiative.ca\/International\/wp-json\/wp\/v2\/posts\/147658\/revisions"}],"wp:attachment":[{"href":"https:\/\/linitiative.ca\/International\/wp-json\/wp\/v2\/media?parent=147658"}],"wp:term":[{"taxonomy":"category","embeddable":true,"href":"https:\/\/linitiative.ca\/International\/wp-json\/wp\/v2\/categories?post=147658"},{"taxonomy":"post_tag","embeddable":true,"href":"https:\/\/linitiative.ca\/International\/wp-json\/wp\/v2\/tags?post=147658"}],"curies":[{"name":"wp","href":"https:\/\/api.w.org\/{rel}","templated":true}]}}