{"id":147660,"date":"2022-05-13T13:42:21","date_gmt":"2022-05-13T17:42:21","guid":{"rendered":"https:\/\/linitiative.ca\/International\/cameroun-ferdinand-nana-payong-offre-des-livres-aux-ecoliers\/"},"modified":"2022-05-13T13:42:21","modified_gmt":"2022-05-13T17:42:21","slug":"cameroun-ferdinand-nana-payong-offre-des-livres-aux-ecoliers","status":"publish","type":"post","link":"https:\/\/linitiative.ca\/International\/cameroun-ferdinand-nana-payong-offre-des-livres-aux-ecoliers\/","title":{"rendered":"Cameroun : Ferdinand Nana Payong offre des livres aux \u00e9coliers"},"content":{"rendered":"<div>\n<p><img decoding=\"async\" width=\"2560\" height=\"1708\" src=\"https:\/\/linitiative.ca\/International\/wp-content\/uploads\/sites\/23\/2022\/05\/DSC_0222-scaled-1.jpg\" class=\"attachment-post-thumbnail size-post-thumbnail wp-post-image\" alt=\"\" loading=\"lazy\" srcset=\"https:\/\/linitiative.ca\/International\/wp-content\/uploads\/sites\/23\/2022\/05\/DSC_0222-scaled-1.jpg 2560w, https:\/\/www.journalducameroun.com\/wp-content\/uploads\/2022\/05\/DSC_0222-300x200.jpg 300w, https:\/\/www.journalducameroun.com\/wp-content\/uploads\/2022\/05\/DSC_0222-1024x683.jpg 1024w, https:\/\/www.journalducameroun.com\/wp-content\/uploads\/2022\/05\/DSC_0222-768x512.jpg 768w, https:\/\/www.journalducameroun.com\/wp-content\/uploads\/2022\/05\/DSC_0222-1536x1025.jpg 1536w, https:\/\/www.journalducameroun.com\/wp-content\/uploads\/2022\/05\/DSC_0222-2048x1367.jpg 2048w, https:\/\/www.journalducameroun.com\/wp-content\/uploads\/2022\/05\/DSC_0222-659x440.jpg 659w, https:\/\/www.journalducameroun.com\/wp-content\/uploads\/2022\/05\/DSC_0222-600x400.jpg 600w\" sizes=\"auto, (max-width: 2560px) 100vw, 2560px\"><\/p>\n<h2 style=\"font-weight: 400; text-align: justify;\">Dans le cadre d\u2019un concours de lecture qu&rsquo;il organise, des ouvrages ont \u00e9t\u00e9 distribu\u00e9s aux \u00e9l\u00e8ves de Class 5 et Class 6 afin de les encourager \u00e0 se familiariser avec la lecture.<\/h2>\n<p style=\"font-weight: 400; text-align: justify;\">Les \u00e9l\u00e8ves de l&rsquo;\u00e9cole publique primaire bilingue de Bastos, Groupe 1 et Groupe 2 sont aux anges. Cet apr\u00e8s-midi, vendredi 13 mai, ils ont re\u00e7u un don d&rsquo;ouvrages de <strong>Ferdinand Nana Payong<\/strong>, promoteur de <strong>la Bourse du livre.<\/strong> Ce geste s&rsquo;inscrit dans le cadre du concours de lecture,<strong> \u00ab\u00a0Les futurs Bao\u00a0\u00bb<\/strong>. \u00c9v\u00e9nement organis\u00e9 eu \u00e9gard aux 30 ans de la Bourse du livre.<\/p>\n<p style=\"font-weight: 400; text-align: justify;\">Il est question de permettre \u00e0 chaque \u00e9l\u00e8ve de poss\u00e9der un ouvrage. Mais \u00e9galement d&rsquo;\u00eatre un passionn\u00e9 de la lecture. Selon plusieurs enseignants, les \u00e9l\u00e8ves qui connaissent du succ\u00e8s dans leurs \u00e9tudes sont pour la plupart expos\u00e9s \u00e0 la lecture. Ce qui rend selon ces derniers une facilitation dans l&rsquo;apprentissage.<\/p>\n<p style=\"font-weight: 400; text-align: justify;\">La remise de ces livres, <em>Letters to Tita<\/em> Volume one et volume two, s&rsquo;est effectu\u00e9e \u00e0 l&rsquo;endroit des \u00e9l\u00e8ves de Class 5 et Class 6. Et c&rsquo;\u00e9tait sous le regard des Directeurs de l&rsquo;\u00e9cole pour la section, Groupe 1, Foyabo Constance.<\/p>\n<p style=\"font-weight: 400; text-align: justify;\">Cette derni\u00e8re n&rsquo;a pas manqu\u00e9 de tarir d&rsquo;\u00e9loges l&rsquo;initiative de <strong>Ferdinand Nana Payong<\/strong>. Elle souligne que la lecture est un facteur essentiel dans le curriculum d&rsquo;enseignement \u00e0 l&rsquo;\u00e9cole primaire<\/p>\n<p style=\"font-weight: 400; text-align: justify;\"><em> \u00ab\u00a0nous sommes tr\u00e8s contents pour cet acte \u00e0 l&rsquo;endroit des \u00e9l\u00e8ves. Ceci va participer \u00e0 accro\u00eetre leur savoir et d\u00e9velopper leur amour pour la lecture. Beaucoup aiment bien lire mais tr\u00e8s souvent, ils ne poss\u00e8dent pas de livre. Par ce geste, ils vont davantage se familiariser avec la lecture\u00a0\u00bb.<\/em><\/p>\n<p style=\"font-weight: 400; text-align: justify;\">Le <strong>concours de lecture<\/strong> selon le promoteur est plus qu&rsquo;une comp\u00e9tition. Pour <strong>Ferdinand Nana Payong<\/strong>, c&rsquo;est le moyen d&rsquo;inculquer le go\u00fbt de la lecture ou simplement initier les plus petits \u00e0 un amour pour le livre.<\/p>\n<p style=\"font-weight: 400; text-align: justify;\">La premi\u00e8re \u00e9dition de la comp\u00e9tition qui \u00e9tait baptis\u00e9e \u00ab\u00a0Amob\u00e9 M\u00e9v\u00e9gu\u00e9\u00a0\u00bb, en hommage au c\u00e9l\u00e8bre journaliste parti tr\u00e8s t\u00f4t, a livr\u00e9 ses premiers laur\u00e9ats le 6 mai dernier. Et parmi ces derniers, deux sont \u00e9l\u00e8ves du Groupe Scolaire Bilingue de Bastos. Ils sont Akwi Laura et\u00a0Ewumbua Catherine.<\/p>\n<p>Cet article <a rel=\"nofollow\" href=\"https:\/\/www.journalducameroun.com\/cameroun-ferdinand-nana-payong-offre-des-livres-aux-ecoliers\/\">Cameroun : Ferdinand Nana Payong offre des livres aux \u00e9coliers<\/a> est apparu en premier sur <a rel=\"nofollow\" href=\"https:\/\/www.journalducameroun.com\/\">Journal du Cameroun<\/a>.<\/p>\n<\/div>\n<p>Auteur: Paul Wandji<br \/>\n<a href=\"https:\/\/www.journalducameroun.com\/cameroun-ferdinand-nana-payong-offre-des-livres-aux-ecoliers\/\">Cliquez ici pour lire l&rsquo;article depuis sa source.<\/a><\/p>\n","protected":false},"excerpt":{"rendered":"<p>Dans le cadre d\u2019un concours de lecture qu&rsquo;il organise, des ouvrages ont \u00e9t\u00e9 distribu\u00e9s aux \u00e9l\u00e8ves de Class 5 et Class 6 afin de les encourager \u00e0 se familiariser avec la lecture. Les \u00e9l\u00e8ves de l&rsquo;\u00e9cole publique primaire bilingue de Bastos, Groupe 1 et Groupe 2 sont aux anges. Cet apr\u00e8s-midi, vendredi 13 mai, ils [&hellip;]<\/p>\n","protected":false},"author":1965,"featured_media":0,"comment_status":"closed","ping_status":"closed","sticky":false,"template":"","format":"standard","meta":{"fifu_image_url":"https:\/\/www.journalducameroun.com\/wp-content\/uploads\/2022\/05\/DSC_0222-scaled.jpg","fifu_image_alt":"Cameroun : Ferdinand Nana Payong offre des livres aux \u00e9coliers","footnotes":""},"categories":[73,82],"tags":[],"class_list":["post-147660","post","type-post","status-publish","format-standard","hentry","category-actualite","category-cameroun"],"_links":{"self":[{"href":"https:\/\/linitiative.ca\/International\/wp-json\/wp\/v2\/posts\/147660","targetHints":{"allow":["GET"]}}],"collection":[{"href":"https:\/\/linitiative.ca\/International\/wp-json\/wp\/v2\/posts"}],"about":[{"href":"https:\/\/linitiative.ca\/International\/wp-json\/wp\/v2\/types\/post"}],"author":[{"embeddable":true,"href":"https:\/\/linitiative.ca\/International\/wp-json\/wp\/v2\/users\/1965"}],"replies":[{"embeddable":true,"href":"https:\/\/linitiative.ca\/International\/wp-json\/wp\/v2\/comments?post=147660"}],"version-history":[{"count":0,"href":"https:\/\/linitiative.ca\/International\/wp-json\/wp\/v2\/posts\/147660\/revisions"}],"wp:attachment":[{"href":"https:\/\/linitiative.ca\/International\/wp-json\/wp\/v2\/media?parent=147660"}],"wp:term":[{"taxonomy":"category","embeddable":true,"href":"https:\/\/linitiative.ca\/International\/wp-json\/wp\/v2\/categories?post=147660"},{"taxonomy":"post_tag","embeddable":true,"href":"https:\/\/linitiative.ca\/International\/wp-json\/wp\/v2\/tags?post=147660"}],"curies":[{"name":"wp","href":"https:\/\/api.w.org\/{rel}","templated":true}]}}