{"id":147669,"date":"2022-05-14T10:33:21","date_gmt":"2022-05-14T14:33:21","guid":{"rendered":"https:\/\/linitiative.ca\/International\/covid-19-maroc-la-situation-epidemiologique-au-14-mai-2022-a-15h00\/"},"modified":"2022-05-14T10:33:21","modified_gmt":"2022-05-14T14:33:21","slug":"covid-19-maroc-la-situation-epidemiologique-au-14-mai-2022-a-15h00","status":"publish","type":"post","link":"https:\/\/linitiative.ca\/International\/covid-19-maroc-la-situation-epidemiologique-au-14-mai-2022-a-15h00\/","title":{"rendered":"Covid-19 \/ Maroc : La situation \u00e9pid\u00e9miologique au 14 mai 2022 \u00e0 15H00"},"content":{"rendered":"<div>\n<p><img decoding=\"async\" width=\"300\" height=\"153\" src=\"https:\/\/linitiative.ca\/International\/wp-content\/uploads\/sites\/23\/2022\/05\/Coronavirus-covid-19-test-300x153-1.jpg\" class=\"attachment-medium size-medium wp-post-image\" alt=\"\" loading=\"lazy\" srcset=\"https:\/\/linitiative.ca\/International\/wp-content\/uploads\/sites\/23\/2022\/05\/Coronavirus-covid-19-test-300x153-1.jpg 300w, https:\/\/aujourdhui.ma\/wp-content\/uploads\/2020\/09\/Coronavirus-covid-19-test-274x140.jpg 274w, https:\/\/aujourdhui.ma\/wp-content\/uploads\/2020\/09\/Coronavirus-covid-19-test.jpg 746w, https:\/\/aujourdhui.ma\/wp-content\/uploads\/2020\/09\/Coronavirus-covid-19-test-165x84.jpg 165w, https:\/\/aujourdhui.ma\/wp-content\/uploads\/2020\/09\/Coronavirus-covid-19-test-702x358.jpg 702w\" sizes=\"auto, (max-width: 300px) 100vw, 300px\"><\/p>\n<p>81 nouveaux cas soit un cumul de 1.165.706 cas \u00e0 ce jour.<br \/>\n12 gu\u00e9risons soit un cumul de 1.149.015 \u00e0 ce jour.<br \/>\nZ\u00c9RO D\u00c9C\u00c8S donc un cumul de 16.071 \u00e0 ce jour.<\/p>\n<p><strong>Nombre de personnes vaccin\u00e9es au 14 mai \u00e0 15H00<\/strong><\/p>\n<p>1\u00e8re dose : <strong>24 816 239<\/strong><\/p>\n<p>2\u00e8me dose : <strong>23 295 840 <\/strong><\/p>\n<p>3\u00e8me dose :<strong> 6 318 712<\/strong><\/p>\n<p><a href=\"https:\/\/linitiative.ca\/International\/wp-content\/uploads\/sites\/23\/2022\/05\/14_05_2022.Covidose.MAROC_Page_1-scaled-1.jpg\"><img loading=\"lazy\" decoding=\"async\" class=\"alignnone size-full wp-image-407791\" src=\"https:\/\/linitiative.ca\/International\/wp-content\/uploads\/sites\/23\/2022\/05\/14_05_2022.Covidose.MAROC_Page_1-scaled-1.jpg\" alt=\"\" width=\"1356\" height=\"2560\" srcset=\"https:\/\/linitiative.ca\/International\/wp-content\/uploads\/sites\/23\/2022\/05\/14_05_2022.Covidose.MAROC_Page_1-scaled-1.jpg 1356w, https:\/\/aujourdhui.ma\/wp-content\/uploads\/2022\/05\/14_05_2022.Covidose.MAROC_Page_1-159x300.jpg 159w, https:\/\/aujourdhui.ma\/wp-content\/uploads\/2022\/05\/14_05_2022.Covidose.MAROC_Page_1-542x1024.jpg 542w, https:\/\/aujourdhui.ma\/wp-content\/uploads\/2022\/05\/14_05_2022.Covidose.MAROC_Page_1-768x1450.jpg 768w, https:\/\/aujourdhui.ma\/wp-content\/uploads\/2022\/05\/14_05_2022.Covidose.MAROC_Page_1-813x1536.jpg 813w, https:\/\/aujourdhui.ma\/wp-content\/uploads\/2022\/05\/14_05_2022.Covidose.MAROC_Page_1-1085x2048.jpg 1085w\" sizes=\"auto, (max-width: 1356px) 100vw, 1356px\"><\/a> <a href=\"https:\/\/linitiative.ca\/International\/wp-content\/uploads\/sites\/23\/2022\/05\/14_05_2022.Covidose.MAROC_Page_2-scaled-1.jpg\"><img loading=\"lazy\" decoding=\"async\" class=\"alignnone size-full wp-image-407792\" src=\"https:\/\/linitiative.ca\/International\/wp-content\/uploads\/sites\/23\/2022\/05\/14_05_2022.Covidose.MAROC_Page_2-scaled-1.jpg\" alt=\"\" width=\"1356\" height=\"2560\" srcset=\"https:\/\/linitiative.ca\/International\/wp-content\/uploads\/sites\/23\/2022\/05\/14_05_2022.Covidose.MAROC_Page_2-scaled-1.jpg 1356w, https:\/\/aujourdhui.ma\/wp-content\/uploads\/2022\/05\/14_05_2022.Covidose.MAROC_Page_2-159x300.jpg 159w, https:\/\/aujourdhui.ma\/wp-content\/uploads\/2022\/05\/14_05_2022.Covidose.MAROC_Page_2-542x1024.jpg 542w, https:\/\/aujourdhui.ma\/wp-content\/uploads\/2022\/05\/14_05_2022.Covidose.MAROC_Page_2-768x1450.jpg 768w, https:\/\/aujourdhui.ma\/wp-content\/uploads\/2022\/05\/14_05_2022.Covidose.MAROC_Page_2-813x1536.jpg 813w, https:\/\/aujourdhui.ma\/wp-content\/uploads\/2022\/05\/14_05_2022.Covidose.MAROC_Page_2-1085x2048.jpg 1085w\" sizes=\"auto, (max-width: 1356px) 100vw, 1356px\"><\/a> <a href=\"https:\/\/linitiative.ca\/International\/wp-content\/uploads\/sites\/23\/2022\/05\/14_05_2022.Covidose.MAROC_Page_3-scaled-1.jpg\"><img loading=\"lazy\" decoding=\"async\" class=\"alignnone size-full wp-image-407793\" src=\"https:\/\/linitiative.ca\/International\/wp-content\/uploads\/sites\/23\/2022\/05\/14_05_2022.Covidose.MAROC_Page_3-scaled-1.jpg\" alt=\"\" width=\"1356\" height=\"2560\" srcset=\"https:\/\/linitiative.ca\/International\/wp-content\/uploads\/sites\/23\/2022\/05\/14_05_2022.Covidose.MAROC_Page_3-scaled-1.jpg 1356w, https:\/\/aujourdhui.ma\/wp-content\/uploads\/2022\/05\/14_05_2022.Covidose.MAROC_Page_3-159x300.jpg 159w, https:\/\/aujourdhui.ma\/wp-content\/uploads\/2022\/05\/14_05_2022.Covidose.MAROC_Page_3-542x1024.jpg 542w, https:\/\/aujourdhui.ma\/wp-content\/uploads\/2022\/05\/14_05_2022.Covidose.MAROC_Page_3-768x1450.jpg 768w, https:\/\/aujourdhui.ma\/wp-content\/uploads\/2022\/05\/14_05_2022.Covidose.MAROC_Page_3-813x1536.jpg 813w, https:\/\/aujourdhui.ma\/wp-content\/uploads\/2022\/05\/14_05_2022.Covidose.MAROC_Page_3-1085x2048.jpg 1085w\" sizes=\"auto, (max-width: 1356px) 100vw, 1356px\"><\/a><\/p>\n<\/div>\n<p>Auteur: ALM<br \/>\n<a href=\"https:\/\/aujourdhui.ma\/societe\/covid-19-maroc-la-situation-epidemiologique-au-14-mai-2022-a-15h00\">Cliquez ici pour lire l&rsquo;article depuis sa source.<\/a><\/p>\n","protected":false},"excerpt":{"rendered":"<p>81 nouveaux cas soit un cumul de 1.165.706 cas \u00e0 ce jour. 12 gu\u00e9risons soit un cumul de 1.149.015 \u00e0 ce jour. Z\u00c9RO D\u00c9C\u00c8S donc un cumul de 16.071 \u00e0 ce jour. Nombre de personnes vaccin\u00e9es au 14 mai \u00e0 15H00 1\u00e8re dose : 24 816 239 2\u00e8me dose : 23 295 840 3\u00e8me dose [&hellip;]<\/p>\n","protected":false},"author":1759,"featured_media":0,"comment_status":"closed","ping_status":"closed","sticky":false,"template":"","format":"standard","meta":{"fifu_image_url":"https:\/\/aujourdhui.ma\/wp-content\/uploads\/2020\/09\/Coronavirus-covid-19-test-300x153.jpg","fifu_image_alt":"Covid-19 \/ Maroc : La situation \u00e9pid\u00e9miologique au 14 mai 2022 \u00e0 15H00","footnotes":""},"categories":[73,54],"tags":[],"class_list":["post-147669","post","type-post","status-publish","format-standard","hentry","category-actualite","category-maroc"],"_links":{"self":[{"href":"https:\/\/linitiative.ca\/International\/wp-json\/wp\/v2\/posts\/147669","targetHints":{"allow":["GET"]}}],"collection":[{"href":"https:\/\/linitiative.ca\/International\/wp-json\/wp\/v2\/posts"}],"about":[{"href":"https:\/\/linitiative.ca\/International\/wp-json\/wp\/v2\/types\/post"}],"author":[{"embeddable":true,"href":"https:\/\/linitiative.ca\/International\/wp-json\/wp\/v2\/users\/1759"}],"replies":[{"embeddable":true,"href":"https:\/\/linitiative.ca\/International\/wp-json\/wp\/v2\/comments?post=147669"}],"version-history":[{"count":0,"href":"https:\/\/linitiative.ca\/International\/wp-json\/wp\/v2\/posts\/147669\/revisions"}],"wp:attachment":[{"href":"https:\/\/linitiative.ca\/International\/wp-json\/wp\/v2\/media?parent=147669"}],"wp:term":[{"taxonomy":"category","embeddable":true,"href":"https:\/\/linitiative.ca\/International\/wp-json\/wp\/v2\/categories?post=147669"},{"taxonomy":"post_tag","embeddable":true,"href":"https:\/\/linitiative.ca\/International\/wp-json\/wp\/v2\/tags?post=147669"}],"curies":[{"name":"wp","href":"https:\/\/api.w.org\/{rel}","templated":true}]}}