{"id":147674,"date":"2022-05-14T10:40:48","date_gmt":"2022-05-14T14:40:48","guid":{"rendered":"https:\/\/linitiative.ca\/International\/la-gendarmerie-royale-celebre-le-66e-anniversaire-de-la-creation-des-far\/"},"modified":"2022-05-14T10:40:48","modified_gmt":"2022-05-14T14:40:48","slug":"la-gendarmerie-royale-celebre-le-66e-anniversaire-de-la-creation-des-far","status":"publish","type":"post","link":"https:\/\/linitiative.ca\/International\/la-gendarmerie-royale-celebre-le-66e-anniversaire-de-la-creation-des-far\/","title":{"rendered":"La Gendarmerie Royale c\u00e9l\u00e8bre le 66\u00e8 anniversaire de la cr\u00e9ation des FAR"},"content":{"rendered":"<div>\n<p><img decoding=\"async\" width=\"300\" height=\"153\" src=\"https:\/\/linitiative.ca\/International\/wp-content\/uploads\/sites\/23\/2022\/05\/La-Gendarmerie-Royale-celebre-le-66e-anniversaire-de-la-creation-des-FAR-300x153-1.png\" class=\"attachment-medium size-medium wp-post-image\" alt=\"\" loading=\"lazy\" srcset=\"https:\/\/linitiative.ca\/International\/wp-content\/uploads\/sites\/23\/2022\/05\/La-Gendarmerie-Royale-celebre-le-66e-anniversaire-de-la-creation-des-FAR-300x153-1.png 300w, https:\/\/aujourdhui.ma\/wp-content\/uploads\/2022\/05\/La-Gendarmerie-Royale-celebre-le-66e-anniversaire-de-la-creation-des-FAR-274x140.png 274w, https:\/\/aujourdhui.ma\/wp-content\/uploads\/2022\/05\/La-Gendarmerie-Royale-celebre-le-66e-anniversaire-de-la-creation-des-FAR.png 746w, https:\/\/aujourdhui.ma\/wp-content\/uploads\/2022\/05\/La-Gendarmerie-Royale-celebre-le-66e-anniversaire-de-la-creation-des-FAR-165x84.png 165w, https:\/\/aujourdhui.ma\/wp-content\/uploads\/2022\/05\/La-Gendarmerie-Royale-celebre-le-66e-anniversaire-de-la-creation-des-FAR-702x358.png 702w\" sizes=\"auto, (max-width: 300px) 100vw, 300px\"><\/p>\n<p><span style=\"color: #800000;\"><strong>Une c\u00e9r\u00e9monie a \u00e9t\u00e9 organis\u00e9e samedi au si\u00e8ge du Groupement a\u00e9rien de la Gendarmerie Royale (GAGR) \u00e0 Rabat, \u00e0 l\u2019occasion de la c\u00e9l\u00e9bration du 66\u00e8 anniversaire de la cr\u00e9ation des Forces Arm\u00e9es Royales (FAR).<\/strong><\/span><\/p>\n<p><span id=\"more-407795\"><\/span><\/p>\n<p>Lors de cette c\u00e9r\u00e9monie, pr\u00e9sid\u00e9e par le G\u00e9n\u00e9ral de Corps d\u2019arm\u00e9e Mohamed Haramou, commandant la Gendarmerie Royale, lecture a \u00e9t\u00e9 donn\u00e9e \u00e0 l\u2019Ordre du jour adress\u00e9 par Sa Majest\u00e9 le Roi Mohammed VI, Chef Supr\u00eame et Chef d\u2019\u00c9tat-major g\u00e9n\u00e9ral des FAR, aux diff\u00e9rentes composantes des Forces Arm\u00e9es Royales.<\/p>\n<p>\u00a0<\/p>\n<p>Dans cet ordre du jour, le Souverain a affirm\u00e9 que \u00ab\u00a0Et Nous voici aujourd\u2019hui, et comme chaque ann\u00e9e, nous comm\u00e9morons cet anniversaire si cher dans la m\u00e9moire nationale, symbole des valeurs de coh\u00e9sion, de sacrifice et de n\u00e9gation de soi, dont Nos Forces Arm\u00e9es Royales et le Peuple marocain tout entier tirent, aujourd\u2019hui, les fondements de leur r\u00e9silience et de leur d\u00e9termination \u00e0 faire face \u00e0 toutes les tentatives d\u00e9sesp\u00e9r\u00e9es visant \u00e0 porter atteinte \u00e0 Notre int\u00e9grit\u00e9 territoriale et \u00e0 Nos solides constantes nationales\u00a0\u00bb.<\/p>\n<p>\u00a0<\/p>\n<p>\u00ab\u00a0Les r\u00e9sultats positifs de vos pr\u00e9cieuses r\u00e9alisations au cours de l\u2019ann\u00e9e \u00e9coul\u00e9e Nous rendent fier de votre disponibilit\u00e9, de votre discipline et de votre esprit de d\u00e9vouement au service de la Patrie\u00a0\u00bb, a soulign\u00e9 le Souverain.<\/p>\n<p>\u00a0<\/p>\n<p>\u00ab\u00a0A cette occasion, Nous voudrions saluer Nos soldats d\u00e9ploy\u00e9s dans Nos provinces du Sud et de l\u2019Est, ou ceux charg\u00e9s de surveiller nos fronti\u00e8res terrestres, a\u00e9riennes et maritimes, avec vigilance et fermet\u00e9, fier de ce que vous faites pour pr\u00e9server l\u2019unit\u00e9 de la Patrie et la s\u00e9curit\u00e9 des citoyens\u00a0\u00bb, a poursuivi Sa Majest\u00e9.<\/p>\n<p>\u00a0<\/p>\n<p>Le Souverain n\u2019a pas manqu\u00e9 \u00e9galement d\u2019exprimer, \u00e0 l\u2019occasion de ce glorieux anniversaire, Sa profonde satisfaction et Sa reconnaissance aux Hommes de la Gendarmerie Royale, de la S\u00fbret\u00e9 Nationale, des Forces Auxiliaires, de la Protection Civile et de l\u2019Administration Territoriale, pour ce qu\u2019ils accomplissent, jour et nuit, afin de veiller \u00e0 la qui\u00e9tude des citoyens et \u00e0 la protection de leurs int\u00e9r\u00eats, ainsi que pour leurs efforts constants pour pr\u00e9server la s\u00e9curit\u00e9 et veiller \u00e0 la s\u00fbret\u00e9 du pays, avec discipline, pers\u00e9v\u00e9rance et loyalisme.<\/p>\n<p>\u00a0<\/p>\n<p>La c\u00e9r\u00e9monie a \u00e9t\u00e9 aussi marqu\u00e9e par l\u2019organisation d\u2019un d\u00e9fil\u00e9 auquel ont pris part diff\u00e9rentes unit\u00e9s de la Gendarmerie royale et la d\u00e9coration de plusieurs officiers et sous-officiers de Wissams royaux qui leur ont \u00e9t\u00e9 d\u00e9cern\u00e9s par le Souverain.<\/p>\n<p>\u00a0<\/p>\n<p>Le 66-\u00e8me anniversaire de la cr\u00e9ation des Forces Arm\u00e9es Royales est une occasion de se rem\u00e9morer les grands sacrifices que les FAR ont consentis depuis leur cr\u00e9ation le 14 mai 1956, ainsi que leur d\u00e9vouement \u00e0 d\u00e9fendre la s\u00e9curit\u00e9 et la stabilit\u00e9 de la Patrie et son int\u00e9grit\u00e9 territoriale et \u00e0 prot\u00e9ger la vie, la sant\u00e9 et les biens des citoyens, sous la conduite \u00e9clair\u00e9e de Sa Majest\u00e9 le Roi Mohammed VI, Chef Supr\u00eame et Chef d\u2019\u00c9tat-major g\u00e9n\u00e9ral des FAR.<\/p>\n<p>\u00a0<\/p>\n<p>\u00a0<\/p>\n<p>\u00a0<\/p>\n<\/div>\n<p>Auteur: ALM<br \/>\n<a href=\"https:\/\/aujourdhui.ma\/actualite\/la-gendarmerie-royale-celebre-le-66e-anniversaire-de-la-creation-des-far\">Cliquez ici pour lire l&rsquo;article depuis sa source.<\/a><\/p>\n","protected":false},"excerpt":{"rendered":"<p>Une c\u00e9r\u00e9monie a \u00e9t\u00e9 organis\u00e9e samedi au si\u00e8ge du Groupement a\u00e9rien de la Gendarmerie Royale (GAGR) \u00e0 Rabat, \u00e0 l\u2019occasion de la c\u00e9l\u00e9bration du 66\u00e8 anniversaire de la cr\u00e9ation des Forces Arm\u00e9es Royales (FAR). Lors de cette c\u00e9r\u00e9monie, pr\u00e9sid\u00e9e par le G\u00e9n\u00e9ral de Corps d\u2019arm\u00e9e Mohamed Haramou, commandant la Gendarmerie Royale, lecture a \u00e9t\u00e9 donn\u00e9e [&hellip;]<\/p>\n","protected":false},"author":1759,"featured_media":0,"comment_status":"closed","ping_status":"closed","sticky":false,"template":"","format":"standard","meta":{"fifu_image_url":"https:\/\/aujourdhui.ma\/wp-content\/uploads\/2022\/05\/La-Gendarmerie-Royale-celebre-le-66e-anniversaire-de-la-creation-des-FAR-300x153.png","fifu_image_alt":"La Gendarmerie Royale c\u00e9l\u00e8bre le 66\u00e8 anniversaire de la cr\u00e9ation des FAR","footnotes":""},"categories":[73,54],"tags":[],"class_list":["post-147674","post","type-post","status-publish","format-standard","hentry","category-actualite","category-maroc"],"_links":{"self":[{"href":"https:\/\/linitiative.ca\/International\/wp-json\/wp\/v2\/posts\/147674","targetHints":{"allow":["GET"]}}],"collection":[{"href":"https:\/\/linitiative.ca\/International\/wp-json\/wp\/v2\/posts"}],"about":[{"href":"https:\/\/linitiative.ca\/International\/wp-json\/wp\/v2\/types\/post"}],"author":[{"embeddable":true,"href":"https:\/\/linitiative.ca\/International\/wp-json\/wp\/v2\/users\/1759"}],"replies":[{"embeddable":true,"href":"https:\/\/linitiative.ca\/International\/wp-json\/wp\/v2\/comments?post=147674"}],"version-history":[{"count":0,"href":"https:\/\/linitiative.ca\/International\/wp-json\/wp\/v2\/posts\/147674\/revisions"}],"wp:attachment":[{"href":"https:\/\/linitiative.ca\/International\/wp-json\/wp\/v2\/media?parent=147674"}],"wp:term":[{"taxonomy":"category","embeddable":true,"href":"https:\/\/linitiative.ca\/International\/wp-json\/wp\/v2\/categories?post=147674"},{"taxonomy":"post_tag","embeddable":true,"href":"https:\/\/linitiative.ca\/International\/wp-json\/wp\/v2\/tags?post=147674"}],"curies":[{"name":"wp","href":"https:\/\/api.w.org\/{rel}","templated":true}]}}