{"id":147676,"date":"2022-05-14T11:30:30","date_gmt":"2022-05-14T15:30:30","guid":{"rendered":"https:\/\/linitiative.ca\/International\/letat-major-general-celebre-le-66eme-anniversaire-de-la-creation-des-far\/"},"modified":"2022-05-14T11:30:30","modified_gmt":"2022-05-14T15:30:30","slug":"letat-major-general-celebre-le-66eme-anniversaire-de-la-creation-des-far","status":"publish","type":"post","link":"https:\/\/linitiative.ca\/International\/letat-major-general-celebre-le-66eme-anniversaire-de-la-creation-des-far\/","title":{"rendered":"L\u2019\u00c9tat-major g\u00e9n\u00e9ral c\u00e9l\u00e8bre le 66\u00e8me anniversaire de la cr\u00e9ation des FAR"},"content":{"rendered":"<div>\n<p><img decoding=\"async\" width=\"300\" height=\"153\" src=\"https:\/\/linitiative.ca\/International\/wp-content\/uploads\/sites\/23\/2022\/05\/Forces-Armees-Royales-FAR-300x153-1.png\" class=\"attachment-medium size-medium wp-post-image\" alt=\"\" loading=\"lazy\" srcset=\"https:\/\/linitiative.ca\/International\/wp-content\/uploads\/sites\/23\/2022\/05\/Forces-Armees-Royales-FAR-300x153-1.png 300w, https:\/\/aujourdhui.ma\/wp-content\/uploads\/2022\/05\/Forces-Armees-Royales-FAR-274x140.png 274w, https:\/\/aujourdhui.ma\/wp-content\/uploads\/2022\/05\/Forces-Armees-Royales-FAR.png 746w, https:\/\/aujourdhui.ma\/wp-content\/uploads\/2022\/05\/Forces-Armees-Royales-FAR-165x84.png 165w, https:\/\/aujourdhui.ma\/wp-content\/uploads\/2022\/05\/Forces-Armees-Royales-FAR-702x358.png 702w\" sizes=\"auto, (max-width: 300px) 100vw, 300px\"><\/p>\n<p><span style=\"color: #800000;\"><strong>L\u2019\u00c9tat-major g\u00e9n\u00e9ral des Forces Arm\u00e9es Royales (FAR) a organis\u00e9, samedi \u00e0 Rabat, une c\u00e9r\u00e9monie marquant le 66\u00e8 anniversaire de la cr\u00e9ation des FAR.<\/strong><\/span><span id=\"more-407798\"><\/span><\/p>\n<p>Au cours de cette c\u00e9r\u00e9monie, pr\u00e9sid\u00e9e par le G\u00e9n\u00e9ral de corps d\u2019arm\u00e9e Belkhir El Farouk, Inspecteur g\u00e9n\u00e9ral des FAR et Commandant la Zone Sud, lecture a \u00e9t\u00e9 donn\u00e9e de l\u2019Ordre du jour adress\u00e9 par Sa Majest\u00e9 le Roi Mohammed VI, Chef Supr\u00eame et Chef d\u2019Etat-major g\u00e9n\u00e9ral des FAR, aux officiers, sous-officiers et militaires de rang.<\/p>\n<p>Dans cet ordre du jour, le Souverain a affirm\u00e9 que \u00ab\u00a0Et Nous voici aujourd\u2019hui, et comme chaque ann\u00e9e, nous comm\u00e9morons cet anniversaire si cher dans la m\u00e9moire nationale, symbole des valeurs de coh\u00e9sion, de sacrifice et de n\u00e9gation de soi, dont Nos Forces Arm\u00e9es Royales et le Peuple marocain tout entier tirent, aujourd\u2019hui, les fondements de leur r\u00e9silience et de leur d\u00e9termination \u00e0 faire face \u00e0 toutes les tentatives d\u00e9sesp\u00e9r\u00e9es visant \u00e0 porter atteinte \u00e0 Notre int\u00e9grit\u00e9 territoriale et \u00e0 Nos solides constantes nationales\u00a0\u00bb.<\/p>\n<p>\u00ab\u00a0Les r\u00e9sultats positifs de vos pr\u00e9cieuses r\u00e9alisations au cours de l\u2019ann\u00e9e \u00e9coul\u00e9e Nous rendent fier de votre disponibilit\u00e9, de votre discipline et de votre esprit de d\u00e9vouement au service de la Patrie\u00a0\u00bb, a soulign\u00e9 le Souverain.<\/p>\n<p>\u00ab\u00a0A cette occasion, Nous voudrions saluer Nos soldats d\u00e9ploy\u00e9s dans Nos provinces du Sud et de l\u2019Est, ou ceux charg\u00e9s de surveiller nos fronti\u00e8res terrestres, a\u00e9riennes et maritimes, avec vigilance et fermet\u00e9, fier de ce que vous faites pour pr\u00e9server l\u2019unit\u00e9 de la Patrie et la s\u00e9curit\u00e9 des citoyens\u00a0\u00bb a poursuivi Sa Majest\u00e9.<\/p>\n<p>La c\u00e9r\u00e9monie a \u00e9t\u00e9 aussi marqu\u00e9e par l\u2019organisation d\u2019un d\u00e9fil\u00e9 militaire auquel ont pris part diff\u00e9rents unit\u00e9s et d\u00e9tachements du Quartier g\u00e9n\u00e9ral relevant de l\u2019Etat-major des Forces arm\u00e9es royales.<\/p>\n<p>A cette occasion, plusieurs officiers et sous-officiers ont \u00e9t\u00e9 d\u00e9cor\u00e9s de Wissams qui leur ont \u00e9t\u00e9 d\u00e9cern\u00e9s par le Souverain.<\/p>\n<p>Le 66-\u00e8me anniversaire de la cr\u00e9ation des Forces Arm\u00e9es Royales est une occasion de se rem\u00e9morer les grands sacrifices que les FAR ont consentis depuis leur cr\u00e9ation le 14 mai 1956, ainsi que leur d\u00e9vouement \u00e0 d\u00e9fendre la s\u00e9curit\u00e9 et la stabilit\u00e9 de la patrie et son int\u00e9grit\u00e9 territoriale et \u00e0 prot\u00e9ger la vie, la sant\u00e9 et les biens des citoyens, sous la conduite \u00e9clair\u00e9e de Sa Majest\u00e9 le Roi Mohammed VI, Chef Supr\u00eame et Chef d\u2019\u00c9tat-major g\u00e9n\u00e9ral des FAR.<\/p>\n<\/div>\n<p>Auteur: ALM<br \/>\n<a href=\"https:\/\/aujourdhui.ma\/actualite\/letat-major-general-celebre-le-66eme-anniversaire-de-la-creation-des-far\">Cliquez ici pour lire l&rsquo;article depuis sa source.<\/a><\/p>\n","protected":false},"excerpt":{"rendered":"<p>L\u2019\u00c9tat-major g\u00e9n\u00e9ral des Forces Arm\u00e9es Royales (FAR) a organis\u00e9, samedi \u00e0 Rabat, une c\u00e9r\u00e9monie marquant le 66\u00e8 anniversaire de la cr\u00e9ation des FAR. Au cours de cette c\u00e9r\u00e9monie, pr\u00e9sid\u00e9e par le G\u00e9n\u00e9ral de corps d\u2019arm\u00e9e Belkhir El Farouk, Inspecteur g\u00e9n\u00e9ral des FAR et Commandant la Zone Sud, lecture a \u00e9t\u00e9 donn\u00e9e de l\u2019Ordre du jour [&hellip;]<\/p>\n","protected":false},"author":1759,"featured_media":0,"comment_status":"closed","ping_status":"closed","sticky":false,"template":"","format":"standard","meta":{"fifu_image_url":"https:\/\/aujourdhui.ma\/wp-content\/uploads\/2022\/05\/Forces-Armees-Royales-FAR-300x153.png","fifu_image_alt":"L\u2019\u00c9tat-major g\u00e9n\u00e9ral c\u00e9l\u00e8bre le 66\u00e8me anniversaire de la cr\u00e9ation des FAR","footnotes":""},"categories":[73,54],"tags":[],"class_list":["post-147676","post","type-post","status-publish","format-standard","hentry","category-actualite","category-maroc"],"_links":{"self":[{"href":"https:\/\/linitiative.ca\/International\/wp-json\/wp\/v2\/posts\/147676","targetHints":{"allow":["GET"]}}],"collection":[{"href":"https:\/\/linitiative.ca\/International\/wp-json\/wp\/v2\/posts"}],"about":[{"href":"https:\/\/linitiative.ca\/International\/wp-json\/wp\/v2\/types\/post"}],"author":[{"embeddable":true,"href":"https:\/\/linitiative.ca\/International\/wp-json\/wp\/v2\/users\/1759"}],"replies":[{"embeddable":true,"href":"https:\/\/linitiative.ca\/International\/wp-json\/wp\/v2\/comments?post=147676"}],"version-history":[{"count":0,"href":"https:\/\/linitiative.ca\/International\/wp-json\/wp\/v2\/posts\/147676\/revisions"}],"wp:attachment":[{"href":"https:\/\/linitiative.ca\/International\/wp-json\/wp\/v2\/media?parent=147676"}],"wp:term":[{"taxonomy":"category","embeddable":true,"href":"https:\/\/linitiative.ca\/International\/wp-json\/wp\/v2\/categories?post=147676"},{"taxonomy":"post_tag","embeddable":true,"href":"https:\/\/linitiative.ca\/International\/wp-json\/wp\/v2\/tags?post=147676"}],"curies":[{"name":"wp","href":"https:\/\/api.w.org\/{rel}","templated":true}]}}